{"id":3654,"date":"2016-06-09T15:57:55","date_gmt":"2016-06-09T13:57:55","guid":{"rendered":"https:\/\/www.maquinariamarquez.com\/?post_type=noticia&#038;p=3654"},"modified":"2022-04-22T09:42:03","modified_gmt":"2022-04-22T07:42:03","slug":"tos-varnsdorf-fabricante-de-mandrinadoras-y-fresadoras-realiza-su-jornada-de-puertas-abiertas-2016","status":"publish","type":"post","link":"https:\/\/www.maquinariamarquez.com\/en\/tos-varnsdorf-fabricante-de-mandrinadoras-y-fresadoras-realiza-su-jornada-de-puertas-abiertas-2016\/","title":{"rendered":"Tos Varnsdorf, fabricante de Mandrinadoras y Fresadoras realiza su jornada de puertas abiertas 2016"},"content":{"rendered":"<p>El fabricante Checo de Mandrinadoras y Fresadoras TOS Varnsdorf celebra su jornada de puertas abiertas el 16 de Junio de 2016. Este es un acto de car\u00e1cter anual en el que se exponen las novedades presentadas durante el a\u00f1o y los nuevos proyectos de la siguiente temporada.<\/p>\n<p>Este a\u00f1o se ha presentado el modelo WRD 13 una mandrinadora-fresadora de columna m\u00f3vil con una construcci\u00f3n ligera que permite abordar mecanizados de gran tama\u00f1o pero que no necesitan un gran desbaste a un precio asequible.<\/p>\n<p>Maquinaria M\u00e1rquez representante en Espa\u00f1a y Portugal organiza el traslado de aquellos clientes interesados en asistir, y si alguno no puede participar en estas fechas podemos organizar una visita personalizada.<\/p>\n<p>&nbsp;<\/p>\n<p><img loading=\"lazy\" decoding=\"async\" class=\"alignnone size-full wp-image-3653\" src=\"https:\/\/www.maquinariamarquez.com\/wp-content\/uploads\/2016\/06\/tos-varnsdorf.png\" alt=\"tos varnsdorf\" width=\"623\" height=\"435\" srcset=\"https:\/\/www.maquinariamarquez.com\/wp-content\/uploads\/2016\/06\/tos-varnsdorf.png 623w, https:\/\/www.maquinariamarquez.com\/wp-content\/uploads\/2016\/06\/tos-varnsdorf-300x209.png 300w, https:\/\/www.maquinariamarquez.com\/wp-content\/uploads\/2016\/06\/tos-varnsdorf-358x250.png 358w, https:\/\/www.maquinariamarquez.com\/wp-content\/uploads\/2016\/06\/tos-varnsdorf-50x35.png 50w\" sizes=\"auto, (max-width: 623px) 100vw, 623px\" \/><\/p>\n","protected":false},"excerpt":{"rendered":"<p>El fabricante Checo de Mandrinadoras y Fresadoras TOS Varnsdorf celebra su jornada de puertas abiertas el 16 de Junio de 2016. Este es un acto de car\u00e1cter anual en el que se exponen las novedades presentadas durante el a\u00f1o y los nuevos proyectos de la siguiente temporada. Este a\u00f1o se ha presentado el modelo WRD [&#8230;]<\/p>\n<p><a class=\"btn btn-primary understrap-read-more-link\" href=\"https:\/\/www.maquinariamarquez.com\/en\/tos-varnsdorf-fabricante-de-mandrinadoras-y-fresadoras-realiza-su-jornada-de-puertas-abiertas-2016\/\">Read more&#8230;<\/a><\/p>\n","protected":false},"author":1,"featured_media":3653,"comment_status":"closed","ping_status":"open","sticky":false,"template":"","format":"standard","meta":{"_acf_changed":false,"footnotes":""},"categories":[272],"tags":[],"geolocalizacion":[402,67,66,68],"class_list":["post-3654","post","type-post","status-publish","format-standard","has-post-thumbnail","hentry","category-maquinaria-marquez","geolocalizacion-chile","geolocalizacion-latino","geolocalizacion-portugal","geolocalizacion-europa"],"acf":[],"aioseo_notices":[],"_links":{"self":[{"href":"https:\/\/www.maquinariamarquez.com\/en\/wp-json\/wp\/v2\/posts\/3654","targetHints":{"allow":["GET"]}}],"collection":[{"href":"https:\/\/www.maquinariamarquez.com\/en\/wp-json\/wp\/v2\/posts"}],"about":[{"href":"https:\/\/www.maquinariamarquez.com\/en\/wp-json\/wp\/v2\/types\/post"}],"author":[{"embeddable":true,"href":"https:\/\/www.maquinariamarquez.com\/en\/wp-json\/wp\/v2\/users\/1"}],"replies":[{"embeddable":true,"href":"https:\/\/www.maquinariamarquez.com\/en\/wp-json\/wp\/v2\/comments?post=3654"}],"version-history":[{"count":1,"href":"https:\/\/www.maquinariamarquez.com\/en\/wp-json\/wp\/v2\/posts\/3654\/revisions"}],"predecessor-version":[{"id":14716,"href":"https:\/\/www.maquinariamarquez.com\/en\/wp-json\/wp\/v2\/posts\/3654\/revisions\/14716"}],"wp:featuredmedia":[{"embeddable":true,"href":"https:\/\/www.maquinariamarquez.com\/en\/wp-json\/wp\/v2\/media\/3653"}],"wp:attachment":[{"href":"https:\/\/www.maquinariamarquez.com\/en\/wp-json\/wp\/v2\/media?parent=3654"}],"wp:term":[{"taxonomy":"category","embeddable":true,"href":"https:\/\/www.maquinariamarquez.com\/en\/wp-json\/wp\/v2\/categories?post=3654"},{"taxonomy":"post_tag","embeddable":true,"href":"https:\/\/www.maquinariamarquez.com\/en\/wp-json\/wp\/v2\/tags?post=3654"},{"taxonomy":"geolocalizacion","embeddable":true,"href":"https:\/\/www.maquinariamarquez.com\/en\/wp-json\/wp\/v2\/geolocalizacion?post=3654"}],"curies":[{"name":"wp","href":"https:\/\/api.w.org\/{rel}","templated":true}]}}