{"id":5438,"date":"2018-11-28T10:24:36","date_gmt":"2018-11-28T08:24:36","guid":{"rendered":"https:\/\/www.maquinariamarquez.com\/?post_type=noticia&#038;p=5438"},"modified":"2022-04-22T09:42:01","modified_gmt":"2022-04-22T07:42:01","slug":"maquinaria-marquez-participa-en-emaf-junto-con-su-distribuidor-enriel","status":"publish","type":"post","link":"https:\/\/www.maquinariamarquez.com\/en\/maquinaria-marquez-participa-en-emaf-junto-con-su-distribuidor-enriel\/","title":{"rendered":"Maquinaria M\u00e1rquez participa en EMAF junto con su distribuidor ENRIEL"},"content":{"rendered":"<p><span style=\"color: #000000; font-family: Calibri;\"><strong>Maquinaria M\u00e1rquez<\/strong> ha presentado en la feria EMAF de Oporto sus diversas novedades de la mano de su representante en Galicia y zona norte de Portugal ENRIEL.<\/span><\/p>\n<p><span style=\"color: #000000; font-family: Calibri;\">ENRIEL es un distribuidor hist\u00f3ricamente cercano y muy presente en la industria del mecanizado y, las sinergias creadas con <strong>Maquinaria M\u00e1rquez,<\/strong> hacen de esta uni\u00f3n\u00a0<\/span><span style=\"color: #000000; font-family: Calibri;\">una soluci\u00f3n competitiva que acerca la alta tec<\/span><span style=\"color: #000000; font-family: Calibri;\">nolog\u00eda del mecanizado al mercado.<\/span><\/p>\n<p><span style=\"color: #000000; font-family: Calibri;\">En la feria se mostraron los \u00faltimos avances de TOS Varnsdorf, como el centro de mecanizado multifunci\u00f3n WHT 110, las fresadoras puente VisionWide, presentando <\/span><span style=\"color: #000000; font-family: Calibri;\">su modelo especial para moldes SE y el nuevo modelo VC<\/span><span style=\"color: #000000; font-family: Calibri;\">1810 de Trimill, fabricante de centros y fresadoras puente gantry de ultra precisi\u00f3n.<\/span><\/p>\n<p><span style=\"color: #000000; font-family: Calibri;\">\u00a0<\/span><\/p>\n<div id='gallery-1' class='gallery galleryid-5438 gallery-columns-3 gallery-size-thumbnail'><figure class='gallery-item'>\n\t\t\t<div class='gallery-icon landscape'>\n\t\t\t\t<a href='https:\/\/www.maquinariamarquez.com\/wp-content\/uploads\/2018\/11\/MAQUINARIA-MARQUEZ-1024x768.jpg' title=\"MAQUINARIA MARQUEZ -EMAF\" data-rl_title=\"MAQUINARIA MARQUEZ -EMAF\" class=\"rl-gallery-link\" data-rl_caption=\"\" data-rel=\"lightbox-gallery-1\"><img loading=\"lazy\" decoding=\"async\" width=\"250\" height=\"250\" src=\"https:\/\/www.maquinariamarquez.com\/wp-content\/uploads\/2018\/11\/MAQUINARIA-MARQUEZ-250x250.jpg\" class=\"attachment-thumbnail size-thumbnail\" alt=\"Maquinaria M\u00e1rquez participa en EMAF junto con su distribuidor ENRIEL\" srcset=\"https:\/\/www.maquinariamarquez.com\/wp-content\/uploads\/2018\/11\/MAQUINARIA-MARQUEZ-250x250.jpg 250w, https:\/\/www.maquinariamarquez.com\/wp-content\/uploads\/2018\/11\/MAQUINARIA-MARQUEZ-175x175.jpg 175w\" sizes=\"auto, (max-width: 250px) 100vw, 250px\" \/><\/a>\n\t\t\t<\/div><\/figure><figure class='gallery-item'>\n\t\t\t<div class='gallery-icon landscape'>\n\t\t\t\t<a href='https:\/\/www.maquinariamarquez.com\/wp-content\/uploads\/2018\/11\/MAQUINARIA-MARQUEZ-2-1024x768.jpg' title=\"MAQUINARIA MARQUEZ &#8211; VISION WIDE\" data-rl_title=\"MAQUINARIA MARQUEZ &#8211; VISION WIDE\" class=\"rl-gallery-link\" data-rl_caption=\"\" data-rel=\"lightbox-gallery-1\"><img loading=\"lazy\" decoding=\"async\" width=\"250\" height=\"250\" src=\"https:\/\/www.maquinariamarquez.com\/wp-content\/uploads\/2018\/11\/MAQUINARIA-MARQUEZ-2-250x250.jpg\" class=\"attachment-thumbnail size-thumbnail\" alt=\"Maquinaria M\u00e1rquez participa en EMAF junto con su distribuidor ENRIEL\" srcset=\"https:\/\/www.maquinariamarquez.com\/wp-content\/uploads\/2018\/11\/MAQUINARIA-MARQUEZ-2-250x250.jpg 250w, https:\/\/www.maquinariamarquez.com\/wp-content\/uploads\/2018\/11\/MAQUINARIA-MARQUEZ-2-175x175.jpg 175w\" sizes=\"auto, (max-width: 250px) 100vw, 250px\" \/><\/a>\n\t\t\t<\/div><\/figure><figure class='gallery-item'>\n\t\t\t<div class='gallery-icon landscape'>\n\t\t\t\t<a href='https:\/\/www.maquinariamarquez.com\/wp-content\/uploads\/2018\/11\/MAQUINARIA-MARQUEZ-3-1024x717.jpg' title=\"MAQUINARIA MARQUEZ &#8211; TRIMILL\" data-rl_title=\"MAQUINARIA MARQUEZ &#8211; TRIMILL\" class=\"rl-gallery-link\" data-rl_caption=\"\" data-rel=\"lightbox-gallery-1\"><img loading=\"lazy\" decoding=\"async\" width=\"250\" height=\"250\" src=\"https:\/\/www.maquinariamarquez.com\/wp-content\/uploads\/2018\/11\/MAQUINARIA-MARQUEZ-3-250x250.jpg\" class=\"attachment-thumbnail size-thumbnail\" alt=\"Maquinaria M\u00e1rquez participa en EMAF junto con su distribuidor ENRIEL\" srcset=\"https:\/\/www.maquinariamarquez.com\/wp-content\/uploads\/2018\/11\/MAQUINARIA-MARQUEZ-3-250x250.jpg 250w, https:\/\/www.maquinariamarquez.com\/wp-content\/uploads\/2018\/11\/MAQUINARIA-MARQUEZ-3-175x175.jpg 175w\" sizes=\"auto, (max-width: 250px) 100vw, 250px\" \/><\/a>\n\t\t\t<\/div><\/figure>\n\t\t<\/div>\n\n","protected":false},"excerpt":{"rendered":"<p>Maquinaria M\u00e1rquez ha presentado en la feria EMAF de Oporto sus diversas novedades de la mano de su representante en Galicia y zona norte de Portugal ENRIEL. ENRIEL es un distribuidor hist\u00f3ricamente cercano y muy presente en la industria del mecanizado y, las sinergias creadas con Maquinaria M\u00e1rquez, hacen de esta uni\u00f3n\u00a0una soluci\u00f3n competitiva que [&#8230;]<\/p>\n<p><a class=\"btn btn-primary understrap-read-more-link\" href=\"https:\/\/www.maquinariamarquez.com\/en\/maquinaria-marquez-participa-en-emaf-junto-con-su-distribuidor-enriel\/\">Read more&#8230;<\/a><\/p>\n","protected":false},"author":7,"featured_media":5439,"comment_status":"closed","ping_status":"open","sticky":false,"template":"","format":"standard","meta":{"_acf_changed":false,"footnotes":""},"categories":[272],"tags":[],"geolocalizacion":[402,67,66,68],"class_list":["post-5438","post","type-post","status-publish","format-standard","has-post-thumbnail","hentry","category-maquinaria-marquez","geolocalizacion-chile","geolocalizacion-latino","geolocalizacion-portugal","geolocalizacion-europa"],"acf":[],"aioseo_notices":[],"aioseo_head":"\n\t\t<!-- All in One SEO 5.0.0.1 - aioseo.com -->\n\t<meta name=\"description\" content=\"Maquinaria M\u00e1rquez ha presentado en la feria EMAF de Oporto sus diversas novedades de la mano de su representante en Galicia y zona norte de Portugal ENRIEL. ENRIEL es un distribuidor hist\u00f3ricamente cercano y muy presente en la industria del mecanizado y, las sinergias creadas con Maquinaria M\u00e1rquez, hacen de esta uni\u00f3n una soluci\u00f3n competitiva que\" \/>\n\t<meta name=\"robots\" content=\"max-snippet:-1, max-image-preview:large, max-video-preview:-1\" \/>\n\t<meta name=\"author\" content=\"Eva Vasquez\"\/>\n\t<link rel=\"canonical\" href=\"https:\/\/www.maquinariamarquez.com\/en\/maquinaria-marquez-participa-en-emaf-junto-con-su-distribuidor-enriel\/\" \/>\n\t<meta name=\"generator\" content=\"All in One SEO (AIOSEO) 5.0.0.1\" \/>\n\t\t<meta property=\"og:locale\" content=\"en_US\" \/>\n\t\t<meta property=\"og:site_name\" content=\"Maquinaria M\u00e1rquez | Mobile Column Boring, boring cross, milling machines, vertical lathes, CNC lathes. Complete range of machine tools at your fingertips.\" \/>\n\t\t<meta property=\"og:type\" content=\"article\" \/>\n\t\t<meta property=\"og:title\" content=\"Maquinaria M\u00e1rquez participa en EMAF junto con su distribuidor ENRIEL\" \/>\n\t\t<meta property=\"og:description\" content=\"Maquinaria M\u00e1rquez ha presentado en la feria EMAF de Oporto sus diversas novedades de la mano de su representante en Galicia y zona norte de Portugal ENRIEL. ENRIEL es un distribuidor hist\u00f3ricamente cercano y muy presente en la industria del mecanizado y, las sinergias creadas con Maquinaria M\u00e1rquez, hacen de esta uni\u00f3n una soluci\u00f3n competitiva que\" \/>\n\t\t<meta property=\"og:url\" content=\"https:\/\/www.maquinariamarquez.com\/en\/maquinaria-marquez-participa-en-emaf-junto-con-su-distribuidor-enriel\/\" \/>\n\t\t<meta property=\"og:image\" content=\"https:\/\/www.maquinariamarquez.com\/wp-content\/uploads\/2024\/05\/logo-maquinaria-marquez.png\" \/>\n\t\t<meta property=\"og:image:secure_url\" content=\"https:\/\/www.maquinariamarquez.com\/wp-content\/uploads\/2024\/05\/logo-maquinaria-marquez.png\" \/>\n\t\t<meta property=\"article:published_time\" content=\"2018-11-28T08:24:36+00:00\" \/>\n\t\t<meta property=\"article:modified_time\" content=\"2022-04-22T07:42:01+00:00\" \/>\n\t\t<meta name=\"twitter:card\" content=\"summary\" \/>\n\t\t<meta name=\"twitter:title\" content=\"Maquinaria M\u00e1rquez participa en EMAF junto con su distribuidor ENRIEL\" \/>\n\t\t<meta name=\"twitter:description\" content=\"Maquinaria M\u00e1rquez ha presentado en la feria EMAF de Oporto sus diversas novedades de la mano de su representante en Galicia y zona norte de Portugal ENRIEL. ENRIEL es un distribuidor hist\u00f3ricamente cercano y muy presente en la industria del mecanizado y, las sinergias creadas con Maquinaria M\u00e1rquez, hacen de esta uni\u00f3n una soluci\u00f3n competitiva que\" \/>\n\t\t<meta name=\"twitter:image\" content=\"https:\/\/www.maquinariamarquez.com\/wp-content\/uploads\/2024\/05\/logo-maquinaria-marquez.png\" \/>\n\t\t<script type=\"application\/ld+json\" class=\"aioseo-schema\">\n\t\t\t{\"@context\":\"https:\\\/\\\/schema.org\",\"@graph\":[{\"@type\":\"Article\",\"@id\":\"https:\\\/\\\/www.maquinariamarquez.com\\\/en\\\/maquinaria-marquez-participa-en-emaf-junto-con-su-distribuidor-enriel\\\/#article\",\"name\":\"Maquinaria M\\u00e1rquez participa en EMAF junto con su distribuidor ENRIEL\",\"headline\":\"Maquinaria M\\u00e1rquez participa en EMAF junto con su distribuidor ENRIEL\",\"author\":{\"@id\":\"#author\"},\"publisher\":{\"@id\":\"https:\\\/\\\/www.maquinariamarquez.com\\\/en\\\/#organization\"},\"image\":{\"@type\":\"ImageObject\",\"url\":\"https:\\\/\\\/www.maquinariamarquez.com\\\/wp-content\\\/uploads\\\/2018\\\/11\\\/MAQUINARIA-MARQUEZ.jpg\",\"width\":4032,\"height\":3024},\"datePublished\":\"2018-11-28T10:24:36+02:00\",\"dateModified\":\"2022-04-22T09:42:01+02:00\",\"inLanguage\":\"en-US\",\"mainEntityOfPage\":{\"@id\":\"https:\\\/\\\/www.maquinariamarquez.com\\\/en\\\/maquinaria-marquez-participa-en-emaf-junto-con-su-distribuidor-enriel\\\/#webpage\"},\"isPartOf\":{\"@id\":\"https:\\\/\\\/www.maquinariamarquez.com\\\/en\\\/maquinaria-marquez-participa-en-emaf-junto-con-su-distribuidor-enriel\\\/#webpage\"},\"articleSection\":\"Maquinaria M\\u00e1rquez, Opcional, Chile, Per\\u00fa, Portugal, Europa\"},{\"@type\":\"BreadcrumbList\",\"@id\":\"https:\\\/\\\/www.maquinariamarquez.com\\\/en\\\/maquinaria-marquez-participa-en-emaf-junto-con-su-distribuidor-enriel\\\/#breadcrumblist\",\"itemListElement\":[{\"@type\":\"ListItem\",\"@id\":\"https:\\\/\\\/www.maquinariamarquez.com\\\/en\\\/#listItem\",\"position\":1,\"name\":\"Inicio\",\"item\":\"https:\\\/\\\/www.maquinariamarquez.com\\\/en\\\/\",\"nextItem\":{\"@type\":\"ListItem\",\"@id\":\"https:\\\/\\\/www.maquinariamarquez.com\\\/en\\\/categoria-noticias\\\/maquinaria-marquez\\\/#listItem\",\"name\":\"Maquinaria M\\u00e1rquez\"}},{\"@type\":\"ListItem\",\"@id\":\"https:\\\/\\\/www.maquinariamarquez.com\\\/en\\\/categoria-noticias\\\/maquinaria-marquez\\\/#listItem\",\"position\":2,\"name\":\"Maquinaria M\\u00e1rquez\",\"item\":\"https:\\\/\\\/www.maquinariamarquez.com\\\/en\\\/categoria-noticias\\\/maquinaria-marquez\\\/\",\"nextItem\":{\"@type\":\"ListItem\",\"@id\":\"https:\\\/\\\/www.maquinariamarquez.com\\\/en\\\/maquinaria-marquez-participa-en-emaf-junto-con-su-distribuidor-enriel\\\/#listItem\",\"name\":\"Maquinaria M\\u00e1rquez participa en EMAF junto con su distribuidor ENRIEL\"},\"previousItem\":{\"@type\":\"ListItem\",\"@id\":\"https:\\\/\\\/www.maquinariamarquez.com\\\/en\\\/#listItem\",\"name\":\"Inicio\"}},{\"@type\":\"ListItem\",\"@id\":\"https:\\\/\\\/www.maquinariamarquez.com\\\/en\\\/maquinaria-marquez-participa-en-emaf-junto-con-su-distribuidor-enriel\\\/#listItem\",\"position\":3,\"name\":\"Maquinaria M\\u00e1rquez participa en EMAF junto con su distribuidor ENRIEL\",\"previousItem\":{\"@type\":\"ListItem\",\"@id\":\"https:\\\/\\\/www.maquinariamarquez.com\\\/en\\\/categoria-noticias\\\/maquinaria-marquez\\\/#listItem\",\"name\":\"Maquinaria M\\u00e1rquez\"}}]},{\"@type\":\"Organization\",\"@id\":\"https:\\\/\\\/www.maquinariamarquez.com\\\/en\\\/#organization\",\"name\":\"Cristina Royo\",\"description\":\"Mobile Column Boring, boring cross, milling machines, vertical lathes, CNC lathes. Complete range of machine tools at your fingertips.\",\"url\":\"https:\\\/\\\/www.maquinariamarquez.com\\\/en\\\/\",\"logo\":{\"@type\":\"ImageObject\",\"url\":\"https:\\\/\\\/www.maquinariamarquez.com\\\/wp-content\\\/uploads\\\/2021\\\/11\\\/LOGOTIPO-01.jpg\",\"@id\":\"https:\\\/\\\/www.maquinariamarquez.com\\\/en\\\/maquinaria-marquez-participa-en-emaf-junto-con-su-distribuidor-enriel\\\/#organizationLogo\",\"width\":843,\"height\":596},\"image\":{\"@id\":\"https:\\\/\\\/www.maquinariamarquez.com\\\/en\\\/maquinaria-marquez-participa-en-emaf-junto-con-su-distribuidor-enriel\\\/#organizationLogo\"}},{\"@type\":\"Person\",\"@id\":\"#author\",\"name\":\"Eva Vasquez\",\"image\":{\"@type\":\"ImageObject\",\"@id\":\"https:\\\/\\\/www.maquinariamarquez.com\\\/en\\\/maquinaria-marquez-participa-en-emaf-junto-con-su-distribuidor-enriel\\\/#authorImage\",\"url\":\"https:\\\/\\\/secure.gravatar.com\\\/avatar\\\/0601622d20c773a32ce14ce1cba171ef600a419a8dee34c999e3c0e27e3c3882?s=96&d=mm&r=g\",\"width\":96,\"height\":96,\"caption\":\"Eva Vasquez\"}},{\"@type\":\"WebPage\",\"@id\":\"https:\\\/\\\/www.maquinariamarquez.com\\\/en\\\/maquinaria-marquez-participa-en-emaf-junto-con-su-distribuidor-enriel\\\/#webpage\",\"url\":\"https:\\\/\\\/www.maquinariamarquez.com\\\/en\\\/maquinaria-marquez-participa-en-emaf-junto-con-su-distribuidor-enriel\\\/\",\"name\":\"Maquinaria M\\u00e1rquez participa en EMAF junto con su distribuidor ENRIEL\",\"description\":\"Maquinaria M\\u00e1rquez ha presentado en la feria EMAF de Oporto sus diversas novedades de la mano de su representante en Galicia y zona norte de Portugal ENRIEL. ENRIEL es un distribuidor hist\\u00f3ricamente cercano y muy presente en la industria del mecanizado y, las sinergias creadas con Maquinaria M\\u00e1rquez, hacen de esta uni\\u00f3n una soluci\\u00f3n competitiva que\",\"inLanguage\":\"en-US\",\"isPartOf\":{\"@id\":\"https:\\\/\\\/www.maquinariamarquez.com\\\/en\\\/#website\"},\"breadcrumb\":{\"@id\":\"https:\\\/\\\/www.maquinariamarquez.com\\\/en\\\/maquinaria-marquez-participa-en-emaf-junto-con-su-distribuidor-enriel\\\/#breadcrumblist\"},\"image\":{\"@type\":\"ImageObject\",\"url\":\"https:\\\/\\\/www.maquinariamarquez.com\\\/wp-content\\\/uploads\\\/2018\\\/11\\\/MAQUINARIA-MARQUEZ.jpg\",\"@id\":\"https:\\\/\\\/www.maquinariamarquez.com\\\/en\\\/maquinaria-marquez-participa-en-emaf-junto-con-su-distribuidor-enriel\\\/#mainImage\",\"width\":4032,\"height\":3024},\"primaryImageOfPage\":{\"@id\":\"https:\\\/\\\/www.maquinariamarquez.com\\\/en\\\/maquinaria-marquez-participa-en-emaf-junto-con-su-distribuidor-enriel\\\/#mainImage\"},\"datePublished\":\"2018-11-28T10:24:36+02:00\",\"dateModified\":\"2022-04-22T09:42:01+02:00\"},{\"@type\":\"WebSite\",\"@id\":\"https:\\\/\\\/www.maquinariamarquez.com\\\/en\\\/#website\",\"url\":\"https:\\\/\\\/www.maquinariamarquez.com\\\/en\\\/\",\"name\":\"Maquinaria M\\u00e1rquez\",\"description\":\"Mobile Column Boring, boring cross, milling machines, vertical lathes, CNC lathes. Complete range of machine tools at your fingertips.\",\"inLanguage\":\"en-US\",\"publisher\":{\"@id\":\"https:\\\/\\\/www.maquinariamarquez.com\\\/en\\\/#organization\"}}]}\n\t\t<\/script>\n\t\t<!-- All in One SEO -->\n\n","aioseo_head_json":{"title":"Maquinaria M\u00e1rquez participa en EMAF junto con su distribuidor ENRIEL","description":"Maquinaria M\u00e1rquez ha presentado en la feria EMAF de Oporto sus diversas novedades de la mano de su representante en Galicia y zona norte de Portugal ENRIEL. ENRIEL es un distribuidor hist\u00f3ricamente cercano y muy presente en la industria del mecanizado y, las sinergias creadas con Maquinaria M\u00e1rquez, hacen de esta uni\u00f3n una soluci\u00f3n competitiva que","canonical_url":"https:\/\/www.maquinariamarquez.com\/en\/maquinaria-marquez-participa-en-emaf-junto-con-su-distribuidor-enriel\/","robots":"max-snippet:-1, max-image-preview:large, max-video-preview:-1","keywords":"","webmasterTools":{"miscellaneous":""},"schema":{"@context":"https:\/\/schema.org","@graph":[{"@type":"Article","@id":"https:\/\/www.maquinariamarquez.com\/en\/maquinaria-marquez-participa-en-emaf-junto-con-su-distribuidor-enriel\/#article","name":"Maquinaria M\u00e1rquez participa en EMAF junto con su distribuidor ENRIEL","headline":"Maquinaria M\u00e1rquez participa en EMAF junto con su distribuidor ENRIEL","author":{"@id":"#author"},"publisher":{"@id":"https:\/\/www.maquinariamarquez.com\/en\/#organization"},"image":{"@type":"ImageObject","url":"https:\/\/www.maquinariamarquez.com\/wp-content\/uploads\/2018\/11\/MAQUINARIA-MARQUEZ.jpg","width":4032,"height":3024},"datePublished":"2018-11-28T10:24:36+02:00","dateModified":"2022-04-22T09:42:01+02:00","inLanguage":"en-US","mainEntityOfPage":{"@id":"https:\/\/www.maquinariamarquez.com\/en\/maquinaria-marquez-participa-en-emaf-junto-con-su-distribuidor-enriel\/#webpage"},"isPartOf":{"@id":"https:\/\/www.maquinariamarquez.com\/en\/maquinaria-marquez-participa-en-emaf-junto-con-su-distribuidor-enriel\/#webpage"},"articleSection":"Maquinaria M\u00e1rquez, Opcional, Chile, Per\u00fa, Portugal, Europa"},{"@type":"BreadcrumbList","@id":"https:\/\/www.maquinariamarquez.com\/en\/maquinaria-marquez-participa-en-emaf-junto-con-su-distribuidor-enriel\/#breadcrumblist","itemListElement":[{"@type":"ListItem","@id":"https:\/\/www.maquinariamarquez.com\/en\/#listItem","position":1,"name":"Inicio","item":"https:\/\/www.maquinariamarquez.com\/en\/","nextItem":{"@type":"ListItem","@id":"https:\/\/www.maquinariamarquez.com\/en\/categoria-noticias\/maquinaria-marquez\/#listItem","name":"Maquinaria M\u00e1rquez"}},{"@type":"ListItem","@id":"https:\/\/www.maquinariamarquez.com\/en\/categoria-noticias\/maquinaria-marquez\/#listItem","position":2,"name":"Maquinaria M\u00e1rquez","item":"https:\/\/www.maquinariamarquez.com\/en\/categoria-noticias\/maquinaria-marquez\/","nextItem":{"@type":"ListItem","@id":"https:\/\/www.maquinariamarquez.com\/en\/maquinaria-marquez-participa-en-emaf-junto-con-su-distribuidor-enriel\/#listItem","name":"Maquinaria M\u00e1rquez participa en EMAF junto con su distribuidor ENRIEL"},"previousItem":{"@type":"ListItem","@id":"https:\/\/www.maquinariamarquez.com\/en\/#listItem","name":"Inicio"}},{"@type":"ListItem","@id":"https:\/\/www.maquinariamarquez.com\/en\/maquinaria-marquez-participa-en-emaf-junto-con-su-distribuidor-enriel\/#listItem","position":3,"name":"Maquinaria M\u00e1rquez participa en EMAF junto con su distribuidor ENRIEL","previousItem":{"@type":"ListItem","@id":"https:\/\/www.maquinariamarquez.com\/en\/categoria-noticias\/maquinaria-marquez\/#listItem","name":"Maquinaria M\u00e1rquez"}}]},{"@type":"Organization","@id":"https:\/\/www.maquinariamarquez.com\/en\/#organization","name":"Cristina Royo","description":"Mobile Column Boring, boring cross, milling machines, vertical lathes, CNC lathes. Complete range of machine tools at your fingertips.","url":"https:\/\/www.maquinariamarquez.com\/en\/","logo":{"@type":"ImageObject","url":"https:\/\/www.maquinariamarquez.com\/wp-content\/uploads\/2021\/11\/LOGOTIPO-01.jpg","@id":"https:\/\/www.maquinariamarquez.com\/en\/maquinaria-marquez-participa-en-emaf-junto-con-su-distribuidor-enriel\/#organizationLogo","width":843,"height":596},"image":{"@id":"https:\/\/www.maquinariamarquez.com\/en\/maquinaria-marquez-participa-en-emaf-junto-con-su-distribuidor-enriel\/#organizationLogo"}},{"@type":"Person","@id":"#author","name":"Eva Vasquez","image":{"@type":"ImageObject","@id":"https:\/\/www.maquinariamarquez.com\/en\/maquinaria-marquez-participa-en-emaf-junto-con-su-distribuidor-enriel\/#authorImage","url":"https:\/\/secure.gravatar.com\/avatar\/0601622d20c773a32ce14ce1cba171ef600a419a8dee34c999e3c0e27e3c3882?s=96&d=mm&r=g","width":96,"height":96,"caption":"Eva Vasquez"}},{"@type":"WebPage","@id":"https:\/\/www.maquinariamarquez.com\/en\/maquinaria-marquez-participa-en-emaf-junto-con-su-distribuidor-enriel\/#webpage","url":"https:\/\/www.maquinariamarquez.com\/en\/maquinaria-marquez-participa-en-emaf-junto-con-su-distribuidor-enriel\/","name":"Maquinaria M\u00e1rquez participa en EMAF junto con su distribuidor ENRIEL","description":"Maquinaria M\u00e1rquez ha presentado en la feria EMAF de Oporto sus diversas novedades de la mano de su representante en Galicia y zona norte de Portugal ENRIEL. ENRIEL es un distribuidor hist\u00f3ricamente cercano y muy presente en la industria del mecanizado y, las sinergias creadas con Maquinaria M\u00e1rquez, hacen de esta uni\u00f3n una soluci\u00f3n competitiva que","inLanguage":"en-US","isPartOf":{"@id":"https:\/\/www.maquinariamarquez.com\/en\/#website"},"breadcrumb":{"@id":"https:\/\/www.maquinariamarquez.com\/en\/maquinaria-marquez-participa-en-emaf-junto-con-su-distribuidor-enriel\/#breadcrumblist"},"image":{"@type":"ImageObject","url":"https:\/\/www.maquinariamarquez.com\/wp-content\/uploads\/2018\/11\/MAQUINARIA-MARQUEZ.jpg","@id":"https:\/\/www.maquinariamarquez.com\/en\/maquinaria-marquez-participa-en-emaf-junto-con-su-distribuidor-enriel\/#mainImage","width":4032,"height":3024},"primaryImageOfPage":{"@id":"https:\/\/www.maquinariamarquez.com\/en\/maquinaria-marquez-participa-en-emaf-junto-con-su-distribuidor-enriel\/#mainImage"},"datePublished":"2018-11-28T10:24:36+02:00","dateModified":"2022-04-22T09:42:01+02:00"},{"@type":"WebSite","@id":"https:\/\/www.maquinariamarquez.com\/en\/#website","url":"https:\/\/www.maquinariamarquez.com\/en\/","name":"Maquinaria M\u00e1rquez","description":"Mobile Column Boring, boring cross, milling machines, vertical lathes, CNC lathes. Complete range of machine tools at your fingertips.","inLanguage":"en-US","publisher":{"@id":"https:\/\/www.maquinariamarquez.com\/en\/#organization"}}]},"og:locale":"en_US","og:site_name":"Maquinaria M\u00e1rquez | Mobile Column Boring, boring cross, milling machines, vertical lathes, CNC lathes. Complete range of machine tools at your fingertips.","og:type":"article","og:title":"Maquinaria M\u00e1rquez participa en EMAF junto con su distribuidor ENRIEL","og:description":"Maquinaria M\u00e1rquez ha presentado en la feria EMAF de Oporto sus diversas novedades de la mano de su representante en Galicia y zona norte de Portugal ENRIEL. ENRIEL es un distribuidor hist\u00f3ricamente cercano y muy presente en la industria del mecanizado y, las sinergias creadas con Maquinaria M\u00e1rquez, hacen de esta uni\u00f3n una soluci\u00f3n competitiva que","og:url":"https:\/\/www.maquinariamarquez.com\/en\/maquinaria-marquez-participa-en-emaf-junto-con-su-distribuidor-enriel\/","og:image":"https:\/\/www.maquinariamarquez.com\/wp-content\/uploads\/2024\/05\/logo-maquinaria-marquez.png","og:image:secure_url":"https:\/\/www.maquinariamarquez.com\/wp-content\/uploads\/2024\/05\/logo-maquinaria-marquez.png","article:published_time":"2018-11-28T08:24:36+00:00","article:modified_time":"2022-04-22T07:42:01+00:00","twitter:card":"summary","twitter:title":"Maquinaria M\u00e1rquez participa en EMAF junto con su distribuidor ENRIEL","twitter:description":"Maquinaria M\u00e1rquez ha presentado en la feria EMAF de Oporto sus diversas novedades de la mano de su representante en Galicia y zona norte de Portugal ENRIEL. ENRIEL es un distribuidor hist\u00f3ricamente cercano y muy presente en la industria del mecanizado y, las sinergias creadas con Maquinaria M\u00e1rquez, hacen de esta uni\u00f3n una soluci\u00f3n competitiva que","twitter:image":"https:\/\/www.maquinariamarquez.com\/wp-content\/uploads\/2024\/05\/logo-maquinaria-marquez.png"},"aioseo_meta_data":{"post_id":"5438","title":null,"description":null,"keywords":null,"keyphrases":null,"primary_term":null,"canonical_url":null,"og_title":null,"og_description":null,"og_object_type":"default","og_image_type":"default","og_image_url":null,"og_image_width":null,"og_image_height":null,"og_image_custom_url":null,"og_image_custom_fields":null,"og_video":null,"og_custom_url":null,"og_article_section":null,"og_article_tags":null,"twitter_use_og":false,"twitter_card":"default","twitter_image_type":"default","twitter_image_url":null,"twitter_image_custom_url":null,"twitter_image_custom_fields":null,"twitter_title":null,"twitter_description":null,"schema":{"blockGraphs":[],"customGraphs":[],"default":{"data":{"Article":[],"Course":[],"Dataset":[],"FAQPage":[],"Movie":[],"Person":[],"Product":[],"ProductReview":[],"Car":[],"Recipe":[],"Service":[],"SoftwareApplication":[],"WebPage":[]},"graphName":"","isEnabled":true},"graphs":[]},"schema_type":null,"schema_type_options":null,"pillar_content":false,"robots_default":true,"robots_noindex":false,"robots_noarchive":false,"robots_nosnippet":false,"robots_nofollow":false,"robots_noimageindex":false,"robots_noodp":false,"robots_notranslate":false,"robots_max_snippet":null,"robots_max_videopreview":null,"robots_max_imagepreview":"large","priority":null,"frequency":null,"local_seo":null,"breadcrumb_settings":null,"limit_modified_date":false,"ai":null,"created":"2021-07-27 09:16:34","updated":"2025-06-06 08:47:59","focus_keyword":null,"additional_keywords":null,"truseo_locale":null,"seo_analyzer_scan_date":null},"aioseo_breadcrumb":"<div class=\"aioseo-breadcrumbs\"><span class=\"aioseo-breadcrumb\">\n\t\t\t<a href=\"https:\/\/www.maquinariamarquez.com\/en\/\" title=\"Inicio\">Inicio<\/a>\n\t\t<\/span><span class=\"aioseo-breadcrumb-separator\">&raquo;<\/span><span class=\"aioseo-breadcrumb\">\n\t\t\t<a href=\"https:\/\/www.maquinariamarquez.com\/en\/categoria-noticias\/maquinaria-marquez\/\" title=\"Maquinaria M\u00e1rquez\">Maquinaria M\u00e1rquez<\/a>\n\t\t<\/span><span class=\"aioseo-breadcrumb-separator\">&raquo;<\/span><span class=\"aioseo-breadcrumb\">\n\t\t\tMaquinaria M\u00e1rquez participa en EMAF junto con su distribuidor ENRIEL\n\t\t<\/span><\/div>","aioseo_breadcrumb_json":[{"label":"Inicio","link":"https:\/\/www.maquinariamarquez.com\/en\/"},{"label":"Maquinaria M\u00e1rquez","link":"https:\/\/www.maquinariamarquez.com\/en\/categoria-noticias\/maquinaria-marquez\/"},{"label":"Maquinaria M\u00e1rquez participa en EMAF junto con su distribuidor ENRIEL","link":"https:\/\/www.maquinariamarquez.com\/en\/maquinaria-marquez-participa-en-emaf-junto-con-su-distribuidor-enriel\/"}],"_links":{"self":[{"href":"https:\/\/www.maquinariamarquez.com\/en\/wp-json\/wp\/v2\/posts\/5438","targetHints":{"allow":["GET"]}}],"collection":[{"href":"https:\/\/www.maquinariamarquez.com\/en\/wp-json\/wp\/v2\/posts"}],"about":[{"href":"https:\/\/www.maquinariamarquez.com\/en\/wp-json\/wp\/v2\/types\/post"}],"author":[{"embeddable":true,"href":"https:\/\/www.maquinariamarquez.com\/en\/wp-json\/wp\/v2\/users\/7"}],"replies":[{"embeddable":true,"href":"https:\/\/www.maquinariamarquez.com\/en\/wp-json\/wp\/v2\/comments?post=5438"}],"version-history":[{"count":1,"href":"https:\/\/www.maquinariamarquez.com\/en\/wp-json\/wp\/v2\/posts\/5438\/revisions"}],"predecessor-version":[{"id":14741,"href":"https:\/\/www.maquinariamarquez.com\/en\/wp-json\/wp\/v2\/posts\/5438\/revisions\/14741"}],"wp:featuredmedia":[{"embeddable":true,"href":"https:\/\/www.maquinariamarquez.com\/en\/wp-json\/wp\/v2\/media\/5439"}],"wp:attachment":[{"href":"https:\/\/www.maquinariamarquez.com\/en\/wp-json\/wp\/v2\/media?parent=5438"}],"wp:term":[{"taxonomy":"category","embeddable":true,"href":"https:\/\/www.maquinariamarquez.com\/en\/wp-json\/wp\/v2\/categories?post=5438"},{"taxonomy":"post_tag","embeddable":true,"href":"https:\/\/www.maquinariamarquez.com\/en\/wp-json\/wp\/v2\/tags?post=5438"},{"taxonomy":"geolocalizacion","embeddable":true,"href":"https:\/\/www.maquinariamarquez.com\/en\/wp-json\/wp\/v2\/geolocalizacion?post=5438"}],"curies":[{"name":"wp","href":"https:\/\/api.w.org\/{rel}","templated":true}]}}