{"id":14709,"date":"2015-05-11T23:19:48","date_gmt":"2015-05-11T21:19:48","guid":{"rendered":"https:\/\/www.maquinariamarquez.com\/noticia\/el-fabricante-de-mandrinadoras-tos-varnsdorf-celebra-su-jornada-de-puertas-abiertas\/"},"modified":"2015-05-11T23:19:48","modified_gmt":"2015-05-11T21:19:48","slug":"el-fabricante-de-mandrinadoras-tos-varnsdorf-celebra-su-jornada-de-puertas-abiertas","status":"publish","type":"post","link":"https:\/\/www.maquinariamarquez.com\/pt-pt\/el-fabricante-de-mandrinadoras-tos-varnsdorf-celebra-su-jornada-de-puertas-abiertas\/","title":{"rendered":"El fabricante de mandrinadoras TOS Varnsdorf celebra su jornada de puertas abiertas"},"content":{"rendered":"<p>TOS Varnsdorf fabricante Checo de mandrinadoras y fresadoras organiza su jornada anual de puertas abiertas el pr\u00f3ximo 17 de Junio. Maquinaria M\u00e1rquez como su representante en Espa\u00f1a y Portugal anima a todos los usuarios a participar en esta jornada y conocer de primera mano los avances de este prestigioso fabricante.<\/p>\n<figure id=\"attachment_2867\" aria-describedby=\"caption-attachment-2867\" style=\"width: 300px\" class=\"wp-caption alignnone\"><img loading=\"lazy\" decoding=\"async\" class=\"size-medium wp-image-2867\" src=\"https:\/\/www.maquinariamarquez.com\/wp-content\/uploads\/slider-portada\/slider-WHR13Q-2014-300x284.jpg\" alt=\"Mandrinadora en Cruz con RAM\" width=\"300\" height=\"284\" srcset=\"https:\/\/www.maquinariamarquez.com\/wp-content\/uploads\/slider-portada\/slider-WHR13Q-2014-300x284.jpg 300w, https:\/\/www.maquinariamarquez.com\/wp-content\/uploads\/slider-portada\/slider-WHR13Q-2014-263x250.jpg 263w, https:\/\/www.maquinariamarquez.com\/wp-content\/uploads\/slider-portada\/slider-WHR13Q-2014-50x47.jpg 50w, https:\/\/www.maquinariamarquez.com\/wp-content\/uploads\/slider-portada\/slider-WHR13Q-2014.jpg 633w\" sizes=\"auto, (max-width: 300px) 100vw, 300px\" \/><figcaption id=\"caption-attachment-2867\" class=\"wp-caption-text\">Mandrinadora en Cruz con RAM<\/figcaption><\/figure>\n","protected":false},"excerpt":{"rendered":"<p>TOS Varnsdorf fabricante Checo de mandrinadoras y fresadoras organiza su jornada anual de puertas abiertas el pr\u00f3ximo 17 de Junio. Maquinaria M\u00e1rquez como su representante en Espa\u00f1a y Portugal anima a todos los usuarios a participar en esta jornada y conocer de primera mano los avances de este prestigioso fabricante.<\/p>\n<p><a class=\"btn btn-primary understrap-read-more-link\" href=\"https:\/\/www.maquinariamarquez.com\/pt-pt\/el-fabricante-de-mandrinadoras-tos-varnsdorf-celebra-su-jornada-de-puertas-abiertas\/\">Leia mais<\/a><\/p>\n","protected":false},"author":1,"featured_media":16046,"comment_status":"closed","ping_status":"open","sticky":false,"template":"","format":"standard","meta":{"_acf_changed":false,"footnotes":""},"categories":[325],"tags":[],"geolocalizacion":[404,396,394,398],"class_list":["post-14709","post","type-post","status-publish","format-standard","has-post-thumbnail","hentry","category-maquinaria-marquez-pt-pt","geolocalizacion-chile-pt-pt","geolocalizacion-latino-pt-pt","geolocalizacion-portugal-pt-pt","geolocalizacion-europa-pt-pt"],"acf":[],"aioseo_notices":[],"aioseo_head":"\n\t\t<!-- All in One SEO 5.0.0.1 - aioseo.com -->\n\t<meta name=\"description\" content=\"TOS Varnsdorf fabricante Checo de mandrinadoras y fresadoras organiza su jornada anual de puertas abiertas el pr\u00f3ximo 17 de Junio. Maquinaria M\u00e1rquez como su representante en Espa\u00f1a y Portugal anima a todos los usuarios a participar en esta jornada y conocer de primera mano los avances de este prestigioso fabricante.\" \/>\n\t<meta name=\"robots\" content=\"max-snippet:-1, max-image-preview:large, max-video-preview:-1\" \/>\n\t<meta name=\"author\" content=\"admin\"\/>\n\t<link rel=\"canonical\" href=\"https:\/\/www.maquinariamarquez.com\/pt-pt\/el-fabricante-de-mandrinadoras-tos-varnsdorf-celebra-su-jornada-de-puertas-abiertas\/\" \/>\n\t<meta name=\"generator\" content=\"All in One SEO (AIOSEO) 5.0.0.1\" \/>\n\t\t<meta property=\"og:locale\" content=\"pt_PT\" \/>\n\t\t<meta property=\"og:site_name\" content=\"Maquinaria M\u00e1rquez | Chato m\u00f3vel Coluna, cruz chata, fresadoras, tornos verticais, tornos CNC. Completa gama de m\u00e1quinas-ferramentas ao seu alcance.\" \/>\n\t\t<meta property=\"og:type\" content=\"article\" \/>\n\t\t<meta property=\"og:title\" content=\"El fabricante de mandrinadoras TOS Varnsdorf celebra su jornada de puertas abiertas\" \/>\n\t\t<meta property=\"og:description\" content=\"TOS Varnsdorf fabricante Checo de mandrinadoras y fresadoras organiza su jornada anual de puertas abiertas el pr\u00f3ximo 17 de Junio. Maquinaria M\u00e1rquez como su representante en Espa\u00f1a y Portugal anima a todos los usuarios a participar en esta jornada y conocer de primera mano los avances de este prestigioso fabricante.\" \/>\n\t\t<meta property=\"og:url\" content=\"https:\/\/www.maquinariamarquez.com\/pt-pt\/el-fabricante-de-mandrinadoras-tos-varnsdorf-celebra-su-jornada-de-puertas-abiertas\/\" \/>\n\t\t<meta property=\"og:image\" content=\"https:\/\/www.maquinariamarquez.com\/wp-content\/uploads\/2024\/05\/logo-maquinaria-marquez.png\" \/>\n\t\t<meta property=\"og:image:secure_url\" content=\"https:\/\/www.maquinariamarquez.com\/wp-content\/uploads\/2024\/05\/logo-maquinaria-marquez.png\" \/>\n\t\t<meta property=\"article:published_time\" content=\"2015-05-11T21:19:48+00:00\" \/>\n\t\t<meta property=\"article:modified_time\" content=\"2015-05-11T21:19:48+00:00\" \/>\n\t\t<meta name=\"twitter:card\" content=\"summary\" \/>\n\t\t<meta name=\"twitter:title\" content=\"El fabricante de mandrinadoras TOS Varnsdorf celebra su jornada de puertas abiertas\" \/>\n\t\t<meta name=\"twitter:description\" content=\"TOS Varnsdorf fabricante Checo de mandrinadoras y fresadoras organiza su jornada anual de puertas abiertas el pr\u00f3ximo 17 de Junio. Maquinaria M\u00e1rquez como su representante en Espa\u00f1a y Portugal anima a todos los usuarios a participar en esta jornada y conocer de primera mano los avances de este prestigioso fabricante.\" \/>\n\t\t<meta name=\"twitter:image\" content=\"https:\/\/www.maquinariamarquez.com\/wp-content\/uploads\/2024\/05\/logo-maquinaria-marquez.png\" \/>\n\t\t<script type=\"application\/ld+json\" class=\"aioseo-schema\">\n\t\t\t{\"@context\":\"https:\\\/\\\/schema.org\",\"@graph\":[{\"@type\":\"Article\",\"@id\":\"https:\\\/\\\/www.maquinariamarquez.com\\\/pt-pt\\\/el-fabricante-de-mandrinadoras-tos-varnsdorf-celebra-su-jornada-de-puertas-abiertas\\\/#article\",\"name\":\"El fabricante de mandrinadoras TOS Varnsdorf celebra su jornada de puertas abiertas\",\"headline\":\"El fabricante de mandrinadoras TOS Varnsdorf celebra su jornada de puertas abiertas\",\"author\":{\"@id\":\"#author\"},\"publisher\":{\"@id\":\"https:\\\/\\\/www.maquinariamarquez.com\\\/pt-pt\\\/#organization\"},\"image\":{\"@type\":\"ImageObject\",\"url\":\"https:\\\/\\\/www.maquinariamarquez.com\\\/wp-content\\\/uploads\\\/2014\\\/07\\\/IMG_2093.jpg\",\"width\":4000,\"height\":3000},\"datePublished\":\"2015-05-11T23:19:48+02:00\",\"dateModified\":\"2015-05-11T23:19:48+02:00\",\"inLanguage\":\"pt-PT\",\"mainEntityOfPage\":{\"@id\":\"https:\\\/\\\/www.maquinariamarquez.com\\\/pt-pt\\\/el-fabricante-de-mandrinadoras-tos-varnsdorf-celebra-su-jornada-de-puertas-abiertas\\\/#webpage\"},\"isPartOf\":{\"@id\":\"https:\\\/\\\/www.maquinariamarquez.com\\\/pt-pt\\\/el-fabricante-de-mandrinadoras-tos-varnsdorf-celebra-su-jornada-de-puertas-abiertas\\\/#webpage\"},\"articleSection\":\"Maquinaria M\\u00e1rquez, Opcional, Chile, Per\\u00fa, Portugal, Europa\"},{\"@type\":\"BreadcrumbList\",\"@id\":\"https:\\\/\\\/www.maquinariamarquez.com\\\/pt-pt\\\/el-fabricante-de-mandrinadoras-tos-varnsdorf-celebra-su-jornada-de-puertas-abiertas\\\/#breadcrumblist\",\"itemListElement\":[{\"@type\":\"ListItem\",\"@id\":\"https:\\\/\\\/www.maquinariamarquez.com\\\/pt-pt\\\/#listItem\",\"position\":1,\"name\":\"Inicio\",\"item\":\"https:\\\/\\\/www.maquinariamarquez.com\\\/pt-pt\\\/\",\"nextItem\":{\"@type\":\"ListItem\",\"@id\":\"https:\\\/\\\/www.maquinariamarquez.com\\\/pt-pt\\\/categoria-noticias-pt\\\/maquinaria-marquez-pt-pt\\\/#listItem\",\"name\":\"Maquinaria M\\u00e1rquez\"}},{\"@type\":\"ListItem\",\"@id\":\"https:\\\/\\\/www.maquinariamarquez.com\\\/pt-pt\\\/categoria-noticias-pt\\\/maquinaria-marquez-pt-pt\\\/#listItem\",\"position\":2,\"name\":\"Maquinaria M\\u00e1rquez\",\"item\":\"https:\\\/\\\/www.maquinariamarquez.com\\\/pt-pt\\\/categoria-noticias-pt\\\/maquinaria-marquez-pt-pt\\\/\",\"nextItem\":{\"@type\":\"ListItem\",\"@id\":\"https:\\\/\\\/www.maquinariamarquez.com\\\/pt-pt\\\/el-fabricante-de-mandrinadoras-tos-varnsdorf-celebra-su-jornada-de-puertas-abiertas\\\/#listItem\",\"name\":\"El fabricante de mandrinadoras TOS Varnsdorf celebra su jornada de puertas abiertas\"},\"previousItem\":{\"@type\":\"ListItem\",\"@id\":\"https:\\\/\\\/www.maquinariamarquez.com\\\/pt-pt\\\/#listItem\",\"name\":\"Inicio\"}},{\"@type\":\"ListItem\",\"@id\":\"https:\\\/\\\/www.maquinariamarquez.com\\\/pt-pt\\\/el-fabricante-de-mandrinadoras-tos-varnsdorf-celebra-su-jornada-de-puertas-abiertas\\\/#listItem\",\"position\":3,\"name\":\"El fabricante de mandrinadoras TOS Varnsdorf celebra su jornada de puertas abiertas\",\"previousItem\":{\"@type\":\"ListItem\",\"@id\":\"https:\\\/\\\/www.maquinariamarquez.com\\\/pt-pt\\\/categoria-noticias-pt\\\/maquinaria-marquez-pt-pt\\\/#listItem\",\"name\":\"Maquinaria M\\u00e1rquez\"}}]},{\"@type\":\"Organization\",\"@id\":\"https:\\\/\\\/www.maquinariamarquez.com\\\/pt-pt\\\/#organization\",\"name\":\"Cristina Royo\",\"description\":\"Chato m\\u00f3vel Coluna, cruz chata, fresadoras, tornos verticais, tornos CNC. Completa gama de m\\u00e1quinas-ferramentas ao seu alcance.\",\"url\":\"https:\\\/\\\/www.maquinariamarquez.com\\\/pt-pt\\\/\",\"logo\":{\"@type\":\"ImageObject\",\"url\":\"https:\\\/\\\/www.maquinariamarquez.com\\\/wp-content\\\/uploads\\\/2021\\\/11\\\/LOGOTIPO-01.jpg\",\"@id\":\"https:\\\/\\\/www.maquinariamarquez.com\\\/pt-pt\\\/el-fabricante-de-mandrinadoras-tos-varnsdorf-celebra-su-jornada-de-puertas-abiertas\\\/#organizationLogo\",\"width\":843,\"height\":596},\"image\":{\"@id\":\"https:\\\/\\\/www.maquinariamarquez.com\\\/pt-pt\\\/el-fabricante-de-mandrinadoras-tos-varnsdorf-celebra-su-jornada-de-puertas-abiertas\\\/#organizationLogo\"}},{\"@type\":\"Person\",\"@id\":\"#author\",\"name\":\"admin\",\"image\":{\"@type\":\"ImageObject\",\"@id\":\"https:\\\/\\\/www.maquinariamarquez.com\\\/pt-pt\\\/el-fabricante-de-mandrinadoras-tos-varnsdorf-celebra-su-jornada-de-puertas-abiertas\\\/#authorImage\",\"url\":\"https:\\\/\\\/secure.gravatar.com\\\/avatar\\\/8e1b7911d36b9b7066a1e98ff24ff9e923b378b274cca10cd52088bd8f4c3a2d?s=96&d=mm&r=g\",\"width\":96,\"height\":96,\"caption\":\"admin\"}},{\"@type\":\"WebPage\",\"@id\":\"https:\\\/\\\/www.maquinariamarquez.com\\\/pt-pt\\\/el-fabricante-de-mandrinadoras-tos-varnsdorf-celebra-su-jornada-de-puertas-abiertas\\\/#webpage\",\"url\":\"https:\\\/\\\/www.maquinariamarquez.com\\\/pt-pt\\\/el-fabricante-de-mandrinadoras-tos-varnsdorf-celebra-su-jornada-de-puertas-abiertas\\\/\",\"name\":\"El fabricante de mandrinadoras TOS Varnsdorf celebra su jornada de puertas abiertas\",\"description\":\"TOS Varnsdorf fabricante Checo de mandrinadoras y fresadoras organiza su jornada anual de puertas abiertas el pr\\u00f3ximo 17 de Junio. Maquinaria M\\u00e1rquez como su representante en Espa\\u00f1a y Portugal anima a todos los usuarios a participar en esta jornada y conocer de primera mano los avances de este prestigioso fabricante.\",\"inLanguage\":\"pt-PT\",\"isPartOf\":{\"@id\":\"https:\\\/\\\/www.maquinariamarquez.com\\\/pt-pt\\\/#website\"},\"breadcrumb\":{\"@id\":\"https:\\\/\\\/www.maquinariamarquez.com\\\/pt-pt\\\/el-fabricante-de-mandrinadoras-tos-varnsdorf-celebra-su-jornada-de-puertas-abiertas\\\/#breadcrumblist\"},\"image\":{\"@type\":\"ImageObject\",\"url\":\"https:\\\/\\\/www.maquinariamarquez.com\\\/wp-content\\\/uploads\\\/2014\\\/07\\\/IMG_2093.jpg\",\"@id\":\"https:\\\/\\\/www.maquinariamarquez.com\\\/pt-pt\\\/el-fabricante-de-mandrinadoras-tos-varnsdorf-celebra-su-jornada-de-puertas-abiertas\\\/#mainImage\",\"width\":4000,\"height\":3000},\"primaryImageOfPage\":{\"@id\":\"https:\\\/\\\/www.maquinariamarquez.com\\\/pt-pt\\\/el-fabricante-de-mandrinadoras-tos-varnsdorf-celebra-su-jornada-de-puertas-abiertas\\\/#mainImage\"},\"datePublished\":\"2015-05-11T23:19:48+02:00\",\"dateModified\":\"2015-05-11T23:19:48+02:00\"},{\"@type\":\"WebSite\",\"@id\":\"https:\\\/\\\/www.maquinariamarquez.com\\\/pt-pt\\\/#website\",\"url\":\"https:\\\/\\\/www.maquinariamarquez.com\\\/pt-pt\\\/\",\"name\":\"Maquinaria M\\u00e1rquez\",\"description\":\"Chato m\\u00f3vel Coluna, cruz chata, fresadoras, tornos verticais, tornos CNC. Completa gama de m\\u00e1quinas-ferramentas ao seu alcance.\",\"inLanguage\":\"pt-PT\",\"publisher\":{\"@id\":\"https:\\\/\\\/www.maquinariamarquez.com\\\/pt-pt\\\/#organization\"}}]}\n\t\t<\/script>\n\t\t<!-- All in One SEO -->\n\n","aioseo_head_json":{"title":"El fabricante de mandrinadoras TOS Varnsdorf celebra su jornada de puertas abiertas","description":"TOS Varnsdorf fabricante Checo de mandrinadoras y fresadoras organiza su jornada anual de puertas abiertas el pr\u00f3ximo 17 de Junio. Maquinaria M\u00e1rquez como su representante en Espa\u00f1a y Portugal anima a todos los usuarios a participar en esta jornada y conocer de primera mano los avances de este prestigioso fabricante.","canonical_url":"https:\/\/www.maquinariamarquez.com\/pt-pt\/el-fabricante-de-mandrinadoras-tos-varnsdorf-celebra-su-jornada-de-puertas-abiertas\/","robots":"max-snippet:-1, max-image-preview:large, max-video-preview:-1","keywords":"","webmasterTools":{"miscellaneous":""},"schema":{"@context":"https:\/\/schema.org","@graph":[{"@type":"Article","@id":"https:\/\/www.maquinariamarquez.com\/pt-pt\/el-fabricante-de-mandrinadoras-tos-varnsdorf-celebra-su-jornada-de-puertas-abiertas\/#article","name":"El fabricante de mandrinadoras TOS Varnsdorf celebra su jornada de puertas abiertas","headline":"El fabricante de mandrinadoras TOS Varnsdorf celebra su jornada de puertas abiertas","author":{"@id":"#author"},"publisher":{"@id":"https:\/\/www.maquinariamarquez.com\/pt-pt\/#organization"},"image":{"@type":"ImageObject","url":"https:\/\/www.maquinariamarquez.com\/wp-content\/uploads\/2014\/07\/IMG_2093.jpg","width":4000,"height":3000},"datePublished":"2015-05-11T23:19:48+02:00","dateModified":"2015-05-11T23:19:48+02:00","inLanguage":"pt-PT","mainEntityOfPage":{"@id":"https:\/\/www.maquinariamarquez.com\/pt-pt\/el-fabricante-de-mandrinadoras-tos-varnsdorf-celebra-su-jornada-de-puertas-abiertas\/#webpage"},"isPartOf":{"@id":"https:\/\/www.maquinariamarquez.com\/pt-pt\/el-fabricante-de-mandrinadoras-tos-varnsdorf-celebra-su-jornada-de-puertas-abiertas\/#webpage"},"articleSection":"Maquinaria M\u00e1rquez, Opcional, Chile, Per\u00fa, Portugal, Europa"},{"@type":"BreadcrumbList","@id":"https:\/\/www.maquinariamarquez.com\/pt-pt\/el-fabricante-de-mandrinadoras-tos-varnsdorf-celebra-su-jornada-de-puertas-abiertas\/#breadcrumblist","itemListElement":[{"@type":"ListItem","@id":"https:\/\/www.maquinariamarquez.com\/pt-pt\/#listItem","position":1,"name":"Inicio","item":"https:\/\/www.maquinariamarquez.com\/pt-pt\/","nextItem":{"@type":"ListItem","@id":"https:\/\/www.maquinariamarquez.com\/pt-pt\/categoria-noticias-pt\/maquinaria-marquez-pt-pt\/#listItem","name":"Maquinaria M\u00e1rquez"}},{"@type":"ListItem","@id":"https:\/\/www.maquinariamarquez.com\/pt-pt\/categoria-noticias-pt\/maquinaria-marquez-pt-pt\/#listItem","position":2,"name":"Maquinaria M\u00e1rquez","item":"https:\/\/www.maquinariamarquez.com\/pt-pt\/categoria-noticias-pt\/maquinaria-marquez-pt-pt\/","nextItem":{"@type":"ListItem","@id":"https:\/\/www.maquinariamarquez.com\/pt-pt\/el-fabricante-de-mandrinadoras-tos-varnsdorf-celebra-su-jornada-de-puertas-abiertas\/#listItem","name":"El fabricante de mandrinadoras TOS Varnsdorf celebra su jornada de puertas abiertas"},"previousItem":{"@type":"ListItem","@id":"https:\/\/www.maquinariamarquez.com\/pt-pt\/#listItem","name":"Inicio"}},{"@type":"ListItem","@id":"https:\/\/www.maquinariamarquez.com\/pt-pt\/el-fabricante-de-mandrinadoras-tos-varnsdorf-celebra-su-jornada-de-puertas-abiertas\/#listItem","position":3,"name":"El fabricante de mandrinadoras TOS Varnsdorf celebra su jornada de puertas abiertas","previousItem":{"@type":"ListItem","@id":"https:\/\/www.maquinariamarquez.com\/pt-pt\/categoria-noticias-pt\/maquinaria-marquez-pt-pt\/#listItem","name":"Maquinaria M\u00e1rquez"}}]},{"@type":"Organization","@id":"https:\/\/www.maquinariamarquez.com\/pt-pt\/#organization","name":"Cristina Royo","description":"Chato m\u00f3vel Coluna, cruz chata, fresadoras, tornos verticais, tornos CNC. Completa gama de m\u00e1quinas-ferramentas ao seu alcance.","url":"https:\/\/www.maquinariamarquez.com\/pt-pt\/","logo":{"@type":"ImageObject","url":"https:\/\/www.maquinariamarquez.com\/wp-content\/uploads\/2021\/11\/LOGOTIPO-01.jpg","@id":"https:\/\/www.maquinariamarquez.com\/pt-pt\/el-fabricante-de-mandrinadoras-tos-varnsdorf-celebra-su-jornada-de-puertas-abiertas\/#organizationLogo","width":843,"height":596},"image":{"@id":"https:\/\/www.maquinariamarquez.com\/pt-pt\/el-fabricante-de-mandrinadoras-tos-varnsdorf-celebra-su-jornada-de-puertas-abiertas\/#organizationLogo"}},{"@type":"Person","@id":"#author","name":"admin","image":{"@type":"ImageObject","@id":"https:\/\/www.maquinariamarquez.com\/pt-pt\/el-fabricante-de-mandrinadoras-tos-varnsdorf-celebra-su-jornada-de-puertas-abiertas\/#authorImage","url":"https:\/\/secure.gravatar.com\/avatar\/8e1b7911d36b9b7066a1e98ff24ff9e923b378b274cca10cd52088bd8f4c3a2d?s=96&d=mm&r=g","width":96,"height":96,"caption":"admin"}},{"@type":"WebPage","@id":"https:\/\/www.maquinariamarquez.com\/pt-pt\/el-fabricante-de-mandrinadoras-tos-varnsdorf-celebra-su-jornada-de-puertas-abiertas\/#webpage","url":"https:\/\/www.maquinariamarquez.com\/pt-pt\/el-fabricante-de-mandrinadoras-tos-varnsdorf-celebra-su-jornada-de-puertas-abiertas\/","name":"El fabricante de mandrinadoras TOS Varnsdorf celebra su jornada de puertas abiertas","description":"TOS Varnsdorf fabricante Checo de mandrinadoras y fresadoras organiza su jornada anual de puertas abiertas el pr\u00f3ximo 17 de Junio. Maquinaria M\u00e1rquez como su representante en Espa\u00f1a y Portugal anima a todos los usuarios a participar en esta jornada y conocer de primera mano los avances de este prestigioso fabricante.","inLanguage":"pt-PT","isPartOf":{"@id":"https:\/\/www.maquinariamarquez.com\/pt-pt\/#website"},"breadcrumb":{"@id":"https:\/\/www.maquinariamarquez.com\/pt-pt\/el-fabricante-de-mandrinadoras-tos-varnsdorf-celebra-su-jornada-de-puertas-abiertas\/#breadcrumblist"},"image":{"@type":"ImageObject","url":"https:\/\/www.maquinariamarquez.com\/wp-content\/uploads\/2014\/07\/IMG_2093.jpg","@id":"https:\/\/www.maquinariamarquez.com\/pt-pt\/el-fabricante-de-mandrinadoras-tos-varnsdorf-celebra-su-jornada-de-puertas-abiertas\/#mainImage","width":4000,"height":3000},"primaryImageOfPage":{"@id":"https:\/\/www.maquinariamarquez.com\/pt-pt\/el-fabricante-de-mandrinadoras-tos-varnsdorf-celebra-su-jornada-de-puertas-abiertas\/#mainImage"},"datePublished":"2015-05-11T23:19:48+02:00","dateModified":"2015-05-11T23:19:48+02:00"},{"@type":"WebSite","@id":"https:\/\/www.maquinariamarquez.com\/pt-pt\/#website","url":"https:\/\/www.maquinariamarquez.com\/pt-pt\/","name":"Maquinaria M\u00e1rquez","description":"Chato m\u00f3vel Coluna, cruz chata, fresadoras, tornos verticais, tornos CNC. Completa gama de m\u00e1quinas-ferramentas ao seu alcance.","inLanguage":"pt-PT","publisher":{"@id":"https:\/\/www.maquinariamarquez.com\/pt-pt\/#organization"}}]},"og:locale":"pt_PT","og:site_name":"Maquinaria M\u00e1rquez | Chato m\u00f3vel Coluna, cruz chata, fresadoras, tornos verticais, tornos CNC. Completa gama de m\u00e1quinas-ferramentas ao seu alcance.","og:type":"article","og:title":"El fabricante de mandrinadoras TOS Varnsdorf celebra su jornada de puertas abiertas","og:description":"TOS Varnsdorf fabricante Checo de mandrinadoras y fresadoras organiza su jornada anual de puertas abiertas el pr\u00f3ximo 17 de Junio. Maquinaria M\u00e1rquez como su representante en Espa\u00f1a y Portugal anima a todos los usuarios a participar en esta jornada y conocer de primera mano los avances de este prestigioso fabricante.","og:url":"https:\/\/www.maquinariamarquez.com\/pt-pt\/el-fabricante-de-mandrinadoras-tos-varnsdorf-celebra-su-jornada-de-puertas-abiertas\/","og:image":"https:\/\/www.maquinariamarquez.com\/wp-content\/uploads\/2024\/05\/logo-maquinaria-marquez.png","og:image:secure_url":"https:\/\/www.maquinariamarquez.com\/wp-content\/uploads\/2024\/05\/logo-maquinaria-marquez.png","article:published_time":"2015-05-11T21:19:48+00:00","article:modified_time":"2015-05-11T21:19:48+00:00","twitter:card":"summary","twitter:title":"El fabricante de mandrinadoras TOS Varnsdorf celebra su jornada de puertas abiertas","twitter:description":"TOS Varnsdorf fabricante Checo de mandrinadoras y fresadoras organiza su jornada anual de puertas abiertas el pr\u00f3ximo 17 de Junio. Maquinaria M\u00e1rquez como su representante en Espa\u00f1a y Portugal anima a todos los usuarios a participar en esta jornada y conocer de primera mano los avances de este prestigioso fabricante.","twitter:image":"https:\/\/www.maquinariamarquez.com\/wp-content\/uploads\/2024\/05\/logo-maquinaria-marquez.png"},"aioseo_meta_data":{"post_id":"14709","title":null,"description":null,"keywords":null,"keyphrases":null,"primary_term":null,"canonical_url":null,"og_title":null,"og_description":null,"og_object_type":"default","og_image_type":"default","og_image_url":null,"og_image_width":null,"og_image_height":null,"og_image_custom_url":null,"og_image_custom_fields":null,"og_video":null,"og_custom_url":null,"og_article_section":null,"og_article_tags":null,"twitter_use_og":false,"twitter_card":"default","twitter_image_type":"default","twitter_image_url":null,"twitter_image_custom_url":null,"twitter_image_custom_fields":null,"twitter_title":null,"twitter_description":null,"schema":{"blockGraphs":[],"customGraphs":[],"default":{"data":{"Article":[],"Course":[],"Dataset":[],"FAQPage":[],"Movie":[],"Person":[],"Product":[],"ProductReview":[],"Car":[],"Recipe":[],"Service":[],"SoftwareApplication":[],"WebPage":[]},"graphName":"","isEnabled":true},"graphs":[]},"schema_type":"default","schema_type_options":null,"pillar_content":false,"robots_default":true,"robots_noindex":false,"robots_noarchive":false,"robots_nosnippet":false,"robots_nofollow":false,"robots_noimageindex":false,"robots_noodp":false,"robots_notranslate":false,"robots_max_snippet":null,"robots_max_videopreview":null,"robots_max_imagepreview":"large","priority":null,"frequency":null,"local_seo":null,"breadcrumb_settings":null,"limit_modified_date":false,"ai":null,"created":"2022-04-11 02:11:47","updated":"2025-06-06 08:43:35","focus_keyword":null,"additional_keywords":null,"truseo_locale":null,"seo_analyzer_scan_date":null},"aioseo_breadcrumb":"<div class=\"aioseo-breadcrumbs\"><span class=\"aioseo-breadcrumb\">\n\t\t\t<a href=\"https:\/\/www.maquinariamarquez.com\/pt-pt\/\" title=\"Inicio\">Inicio<\/a>\n\t\t<\/span><span class=\"aioseo-breadcrumb-separator\">&raquo;<\/span><span class=\"aioseo-breadcrumb\">\n\t\t\t<a href=\"https:\/\/www.maquinariamarquez.com\/pt-pt\/categoria-noticias-pt\/maquinaria-marquez-pt-pt\/\" title=\"Maquinaria M\u00e1rquez\">Maquinaria M\u00e1rquez<\/a>\n\t\t<\/span><span class=\"aioseo-breadcrumb-separator\">&raquo;<\/span><span class=\"aioseo-breadcrumb\">\n\t\t\tEl fabricante de mandrinadoras TOS Varnsdorf celebra su jornada de puertas abiertas\n\t\t<\/span><\/div>","aioseo_breadcrumb_json":[{"label":"Inicio","link":"https:\/\/www.maquinariamarquez.com\/pt-pt\/"},{"label":"Maquinaria M\u00e1rquez","link":"https:\/\/www.maquinariamarquez.com\/pt-pt\/categoria-noticias-pt\/maquinaria-marquez-pt-pt\/"},{"label":"El fabricante de mandrinadoras TOS Varnsdorf celebra su jornada de puertas abiertas","link":"https:\/\/www.maquinariamarquez.com\/pt-pt\/el-fabricante-de-mandrinadoras-tos-varnsdorf-celebra-su-jornada-de-puertas-abiertas\/"}],"_links":{"self":[{"href":"https:\/\/www.maquinariamarquez.com\/pt-pt\/wp-json\/wp\/v2\/posts\/14709","targetHints":{"allow":["GET"]}}],"collection":[{"href":"https:\/\/www.maquinariamarquez.com\/pt-pt\/wp-json\/wp\/v2\/posts"}],"about":[{"href":"https:\/\/www.maquinariamarquez.com\/pt-pt\/wp-json\/wp\/v2\/types\/post"}],"author":[{"embeddable":true,"href":"https:\/\/www.maquinariamarquez.com\/pt-pt\/wp-json\/wp\/v2\/users\/1"}],"replies":[{"embeddable":true,"href":"https:\/\/www.maquinariamarquez.com\/pt-pt\/wp-json\/wp\/v2\/comments?post=14709"}],"version-history":[{"count":0,"href":"https:\/\/www.maquinariamarquez.com\/pt-pt\/wp-json\/wp\/v2\/posts\/14709\/revisions"}],"wp:featuredmedia":[{"embeddable":true,"href":"https:\/\/www.maquinariamarquez.com\/pt-pt\/wp-json\/wp\/v2\/media\/16046"}],"wp:attachment":[{"href":"https:\/\/www.maquinariamarquez.com\/pt-pt\/wp-json\/wp\/v2\/media?parent=14709"}],"wp:term":[{"taxonomy":"category","embeddable":true,"href":"https:\/\/www.maquinariamarquez.com\/pt-pt\/wp-json\/wp\/v2\/categories?post=14709"},{"taxonomy":"post_tag","embeddable":true,"href":"https:\/\/www.maquinariamarquez.com\/pt-pt\/wp-json\/wp\/v2\/tags?post=14709"},{"taxonomy":"geolocalizacion","embeddable":true,"href":"https:\/\/www.maquinariamarquez.com\/pt-pt\/wp-json\/wp\/v2\/geolocalizacion?post=14709"}],"curies":[{"name":"wp","href":"https:\/\/api.w.org\/{rel}","templated":true}]}}