{"id":14742,"date":"2018-11-28T10:24:36","date_gmt":"2018-11-28T08:24:36","guid":{"rendered":"https:\/\/www.maquinariamarquez.com\/noticia\/maquinaria-marquez-participa-na-emaf-juntamente-com-o-seu-distribuidor-enriel\/"},"modified":"2018-11-28T10:24:36","modified_gmt":"2018-11-28T08:24:36","slug":"maquinaria-marquez-participa-na-emaf-juntamente-com-o-seu-distribuidor-enriel","status":"publish","type":"post","link":"https:\/\/www.maquinariamarquez.com\/pt-pt\/maquinaria-marquez-participa-na-emaf-juntamente-com-o-seu-distribuidor-enriel\/","title":{"rendered":"MAQUINARIA M\u00c1RQUEZ PARTICIPA NA EMAF JUNTAMENTE COM O SEU DISTRIBUIDOR ENRIEL"},"content":{"rendered":"<p>Maquinaria M\u00e1rquez apresentou na feira EMAF, no Porto, as suas diversas novidades, pela m\u00e3o do seu representante na Galiza e zona norte de Portugal, ENRIEL.<br \/>\nENRIEL \u00e9 um distribuidor historicamente pr\u00f3ximo e muito presente na ind\u00fastria da maquinagem e as sinergias criadas com a Maquinaria M\u00e1rquez fazem desta uni\u00e3o uma solu\u00e7\u00e3o competitiva que aproxima a alta tecnologia da maquinagem ao mercado.<br \/>\nNa feira foram apresentados os \u00faltimos avan\u00e7os da TOS Varnsdorf, como o centro de maquinagem multifun\u00e7\u00e3o WHT 110, as fresadoras de ponte VisionWide, apresentando o seu modelo especial para moldes SE e o novo modelo VC1810 da Trimill, fabricante de centros e fresadoras de ponte Gantry de ultra precis\u00e3o.<\/p>\n<div id='gallery-1' class='gallery galleryid-14742 gallery-columns-3 gallery-size-thumbnail'><figure class='gallery-item'>\n\t\t\t<div class='gallery-icon landscape'>\n\t\t\t\t<a href='https:\/\/www.maquinariamarquez.com\/wp-content\/uploads\/2018\/11\/MAQUINARIA-MARQUEZ-1024x768.jpg' title=\"MAQUINARIA MARQUEZ -EMAF\" data-rl_title=\"MAQUINARIA MARQUEZ -EMAF\" class=\"rl-gallery-link\" data-rl_caption=\"\" data-rel=\"lightbox-gallery-1\"><img loading=\"lazy\" decoding=\"async\" width=\"250\" height=\"250\" src=\"https:\/\/www.maquinariamarquez.com\/wp-content\/uploads\/2018\/11\/MAQUINARIA-MARQUEZ-250x250.jpg\" class=\"attachment-thumbnail size-thumbnail\" alt=\"MAQUINARIA M\u00c1RQUEZ PARTICIPA NA EMAF JUNTAMENTE COM O SEU DISTRIBUIDOR ENRIEL\" srcset=\"https:\/\/www.maquinariamarquez.com\/wp-content\/uploads\/2018\/11\/MAQUINARIA-MARQUEZ-250x250.jpg 250w, https:\/\/www.maquinariamarquez.com\/wp-content\/uploads\/2018\/11\/MAQUINARIA-MARQUEZ-175x175.jpg 175w\" sizes=\"auto, (max-width: 250px) 100vw, 250px\" \/><\/a>\n\t\t\t<\/div><\/figure><figure class='gallery-item'>\n\t\t\t<div class='gallery-icon landscape'>\n\t\t\t\t<a href='https:\/\/www.maquinariamarquez.com\/wp-content\/uploads\/2018\/11\/MAQUINARIA-MARQUEZ-2-1024x768.jpg' title=\"MAQUINARIA MARQUEZ &#8211; VISION WIDE\" data-rl_title=\"MAQUINARIA MARQUEZ &#8211; VISION WIDE\" class=\"rl-gallery-link\" data-rl_caption=\"\" data-rel=\"lightbox-gallery-1\"><img loading=\"lazy\" decoding=\"async\" width=\"250\" height=\"250\" src=\"https:\/\/www.maquinariamarquez.com\/wp-content\/uploads\/2018\/11\/MAQUINARIA-MARQUEZ-2-250x250.jpg\" class=\"attachment-thumbnail size-thumbnail\" alt=\"MAQUINARIA M\u00c1RQUEZ PARTICIPA NA EMAF JUNTAMENTE COM O SEU DISTRIBUIDOR ENRIEL\" srcset=\"https:\/\/www.maquinariamarquez.com\/wp-content\/uploads\/2018\/11\/MAQUINARIA-MARQUEZ-2-250x250.jpg 250w, https:\/\/www.maquinariamarquez.com\/wp-content\/uploads\/2018\/11\/MAQUINARIA-MARQUEZ-2-175x175.jpg 175w\" sizes=\"auto, (max-width: 250px) 100vw, 250px\" \/><\/a>\n\t\t\t<\/div><\/figure><figure class='gallery-item'>\n\t\t\t<div class='gallery-icon landscape'>\n\t\t\t\t<a href='https:\/\/www.maquinariamarquez.com\/wp-content\/uploads\/2018\/11\/MAQUINARIA-MARQUEZ-3-1024x717.jpg' title=\"MAQUINARIA MARQUEZ &#8211; TRIMILL\" data-rl_title=\"MAQUINARIA MARQUEZ &#8211; TRIMILL\" class=\"rl-gallery-link\" data-rl_caption=\"\" data-rel=\"lightbox-gallery-1\"><img loading=\"lazy\" decoding=\"async\" width=\"250\" height=\"250\" src=\"https:\/\/www.maquinariamarquez.com\/wp-content\/uploads\/2018\/11\/MAQUINARIA-MARQUEZ-3-250x250.jpg\" class=\"attachment-thumbnail size-thumbnail\" alt=\"MAQUINARIA M\u00c1RQUEZ PARTICIPA NA EMAF JUNTAMENTE COM O SEU DISTRIBUIDOR ENRIEL\" srcset=\"https:\/\/www.maquinariamarquez.com\/wp-content\/uploads\/2018\/11\/MAQUINARIA-MARQUEZ-3-250x250.jpg 250w, https:\/\/www.maquinariamarquez.com\/wp-content\/uploads\/2018\/11\/MAQUINARIA-MARQUEZ-3-175x175.jpg 175w\" sizes=\"auto, (max-width: 250px) 100vw, 250px\" \/><\/a>\n\t\t\t<\/div><\/figure>\n\t\t<\/div>\n\n","protected":false},"excerpt":{"rendered":"<p>Maquinaria M\u00e1rquez apresentou na feira EMAF, no Porto, as suas diversas novidades, pela m\u00e3o do seu representante na Galiza e zona norte de Portugal, ENRIEL. ENRIEL \u00e9 um distribuidor historicamente pr\u00f3ximo e muito presente na ind\u00fastria da maquinagem e as sinergias criadas com a Maquinaria M\u00e1rquez fazem desta uni\u00e3o uma solu\u00e7\u00e3o competitiva que aproxima a [&#8230;]<\/p>\n<p><a class=\"btn btn-primary understrap-read-more-link\" href=\"https:\/\/www.maquinariamarquez.com\/pt-pt\/maquinaria-marquez-participa-na-emaf-juntamente-com-o-seu-distribuidor-enriel\/\">Leia mais<\/a><\/p>\n","protected":false},"author":7,"featured_media":16876,"comment_status":"closed","ping_status":"open","sticky":false,"template":"","format":"standard","meta":{"_acf_changed":false,"footnotes":""},"categories":[325],"tags":[],"geolocalizacion":[404,396,394,398],"class_list":["post-14742","post","type-post","status-publish","format-standard","has-post-thumbnail","hentry","category-maquinaria-marquez-pt-pt","geolocalizacion-chile-pt-pt","geolocalizacion-latino-pt-pt","geolocalizacion-portugal-pt-pt","geolocalizacion-europa-pt-pt"],"acf":[],"aioseo_notices":[],"aioseo_head":"\n\t\t<!-- All in One SEO 5.0.0.1 - aioseo.com -->\n\t<meta name=\"description\" content=\"Maquinaria M\u00e1rquez apresentou na feira EMAF, no Porto, as suas diversas novidades, pela m\u00e3o do seu representante na Galiza e zona norte de Portugal, ENRIEL. ENRIEL \u00e9 um distribuidor historicamente pr\u00f3ximo e muito presente na ind\u00fastria da maquinagem e as sinergias criadas com a Maquinaria M\u00e1rquez fazem desta uni\u00e3o uma solu\u00e7\u00e3o competitiva que aproxima a\" \/>\n\t<meta name=\"robots\" content=\"max-snippet:-1, max-image-preview:large, max-video-preview:-1\" \/>\n\t<meta name=\"author\" content=\"Eva Vasquez\"\/>\n\t<link rel=\"canonical\" href=\"https:\/\/www.maquinariamarquez.com\/pt-pt\/maquinaria-marquez-participa-na-emaf-juntamente-com-o-seu-distribuidor-enriel\/\" \/>\n\t<meta name=\"generator\" content=\"All in One SEO (AIOSEO) 5.0.0.1\" \/>\n\t\t<meta property=\"og:locale\" content=\"pt_PT\" \/>\n\t\t<meta property=\"og:site_name\" content=\"Maquinaria M\u00e1rquez | Chato m\u00f3vel Coluna, cruz chata, fresadoras, tornos verticais, tornos CNC. Completa gama de m\u00e1quinas-ferramentas ao seu alcance.\" \/>\n\t\t<meta property=\"og:type\" content=\"article\" \/>\n\t\t<meta property=\"og:title\" content=\"MAQUINARIA M\u00c1RQUEZ PARTICIPA NA EMAF JUNTAMENTE COM O SEU DISTRIBUIDOR ENRIEL\" \/>\n\t\t<meta property=\"og:description\" content=\"Maquinaria M\u00e1rquez apresentou na feira EMAF, no Porto, as suas diversas novidades, pela m\u00e3o do seu representante na Galiza e zona norte de Portugal, ENRIEL. ENRIEL \u00e9 um distribuidor historicamente pr\u00f3ximo e muito presente na ind\u00fastria da maquinagem e as sinergias criadas com a Maquinaria M\u00e1rquez fazem desta uni\u00e3o uma solu\u00e7\u00e3o competitiva que aproxima a\" \/>\n\t\t<meta property=\"og:url\" content=\"https:\/\/www.maquinariamarquez.com\/pt-pt\/maquinaria-marquez-participa-na-emaf-juntamente-com-o-seu-distribuidor-enriel\/\" \/>\n\t\t<meta property=\"og:image\" content=\"https:\/\/www.maquinariamarquez.com\/wp-content\/uploads\/2024\/05\/logo-maquinaria-marquez.png\" \/>\n\t\t<meta property=\"og:image:secure_url\" content=\"https:\/\/www.maquinariamarquez.com\/wp-content\/uploads\/2024\/05\/logo-maquinaria-marquez.png\" \/>\n\t\t<meta property=\"article:published_time\" content=\"2018-11-28T08:24:36+00:00\" \/>\n\t\t<meta property=\"article:modified_time\" content=\"2018-11-28T08:24:36+00:00\" \/>\n\t\t<meta name=\"twitter:card\" content=\"summary\" \/>\n\t\t<meta name=\"twitter:title\" content=\"MAQUINARIA M\u00c1RQUEZ PARTICIPA NA EMAF JUNTAMENTE COM O SEU DISTRIBUIDOR ENRIEL\" \/>\n\t\t<meta name=\"twitter:description\" content=\"Maquinaria M\u00e1rquez apresentou na feira EMAF, no Porto, as suas diversas novidades, pela m\u00e3o do seu representante na Galiza e zona norte de Portugal, ENRIEL. ENRIEL \u00e9 um distribuidor historicamente pr\u00f3ximo e muito presente na ind\u00fastria da maquinagem e as sinergias criadas com a Maquinaria M\u00e1rquez fazem desta uni\u00e3o uma solu\u00e7\u00e3o competitiva que aproxima a\" \/>\n\t\t<meta name=\"twitter:image\" content=\"https:\/\/www.maquinariamarquez.com\/wp-content\/uploads\/2024\/05\/logo-maquinaria-marquez.png\" \/>\n\t\t<script type=\"application\/ld+json\" class=\"aioseo-schema\">\n\t\t\t{\"@context\":\"https:\\\/\\\/schema.org\",\"@graph\":[{\"@type\":\"Article\",\"@id\":\"https:\\\/\\\/www.maquinariamarquez.com\\\/pt-pt\\\/maquinaria-marquez-participa-na-emaf-juntamente-com-o-seu-distribuidor-enriel\\\/#article\",\"name\":\"MAQUINARIA M\\u00c1RQUEZ PARTICIPA NA EMAF JUNTAMENTE COM O SEU DISTRIBUIDOR ENRIEL\",\"headline\":\"MAQUINARIA M\\u00c1RQUEZ PARTICIPA NA EMAF JUNTAMENTE COM O SEU DISTRIBUIDOR ENRIEL\",\"author\":{\"@id\":\"#author\"},\"publisher\":{\"@id\":\"https:\\\/\\\/www.maquinariamarquez.com\\\/pt-pt\\\/#organization\"},\"image\":{\"@type\":\"ImageObject\",\"url\":\"https:\\\/\\\/www.maquinariamarquez.com\\\/wp-content\\\/uploads\\\/2018\\\/11\\\/MAQUINARIA-MARQUEZ.jpg\",\"width\":4032,\"height\":3024},\"datePublished\":\"2018-11-28T10:24:36+02:00\",\"dateModified\":\"2018-11-28T10:24:36+02:00\",\"inLanguage\":\"pt-PT\",\"mainEntityOfPage\":{\"@id\":\"https:\\\/\\\/www.maquinariamarquez.com\\\/pt-pt\\\/maquinaria-marquez-participa-na-emaf-juntamente-com-o-seu-distribuidor-enriel\\\/#webpage\"},\"isPartOf\":{\"@id\":\"https:\\\/\\\/www.maquinariamarquez.com\\\/pt-pt\\\/maquinaria-marquez-participa-na-emaf-juntamente-com-o-seu-distribuidor-enriel\\\/#webpage\"},\"articleSection\":\"Maquinaria M\\u00e1rquez, Opcional, Chile, Per\\u00fa, Portugal, Europa\"},{\"@type\":\"BreadcrumbList\",\"@id\":\"https:\\\/\\\/www.maquinariamarquez.com\\\/pt-pt\\\/maquinaria-marquez-participa-na-emaf-juntamente-com-o-seu-distribuidor-enriel\\\/#breadcrumblist\",\"itemListElement\":[{\"@type\":\"ListItem\",\"@id\":\"https:\\\/\\\/www.maquinariamarquez.com\\\/pt-pt\\\/#listItem\",\"position\":1,\"name\":\"Inicio\",\"item\":\"https:\\\/\\\/www.maquinariamarquez.com\\\/pt-pt\\\/\",\"nextItem\":{\"@type\":\"ListItem\",\"@id\":\"https:\\\/\\\/www.maquinariamarquez.com\\\/pt-pt\\\/categoria-noticias-pt\\\/maquinaria-marquez-pt-pt\\\/#listItem\",\"name\":\"Maquinaria M\\u00e1rquez\"}},{\"@type\":\"ListItem\",\"@id\":\"https:\\\/\\\/www.maquinariamarquez.com\\\/pt-pt\\\/categoria-noticias-pt\\\/maquinaria-marquez-pt-pt\\\/#listItem\",\"position\":2,\"name\":\"Maquinaria M\\u00e1rquez\",\"item\":\"https:\\\/\\\/www.maquinariamarquez.com\\\/pt-pt\\\/categoria-noticias-pt\\\/maquinaria-marquez-pt-pt\\\/\",\"nextItem\":{\"@type\":\"ListItem\",\"@id\":\"https:\\\/\\\/www.maquinariamarquez.com\\\/pt-pt\\\/maquinaria-marquez-participa-na-emaf-juntamente-com-o-seu-distribuidor-enriel\\\/#listItem\",\"name\":\"MAQUINARIA M\\u00c1RQUEZ PARTICIPA NA EMAF JUNTAMENTE COM O SEU DISTRIBUIDOR ENRIEL\"},\"previousItem\":{\"@type\":\"ListItem\",\"@id\":\"https:\\\/\\\/www.maquinariamarquez.com\\\/pt-pt\\\/#listItem\",\"name\":\"Inicio\"}},{\"@type\":\"ListItem\",\"@id\":\"https:\\\/\\\/www.maquinariamarquez.com\\\/pt-pt\\\/maquinaria-marquez-participa-na-emaf-juntamente-com-o-seu-distribuidor-enriel\\\/#listItem\",\"position\":3,\"name\":\"MAQUINARIA M\\u00c1RQUEZ PARTICIPA NA EMAF JUNTAMENTE COM O SEU DISTRIBUIDOR ENRIEL\",\"previousItem\":{\"@type\":\"ListItem\",\"@id\":\"https:\\\/\\\/www.maquinariamarquez.com\\\/pt-pt\\\/categoria-noticias-pt\\\/maquinaria-marquez-pt-pt\\\/#listItem\",\"name\":\"Maquinaria M\\u00e1rquez\"}}]},{\"@type\":\"Organization\",\"@id\":\"https:\\\/\\\/www.maquinariamarquez.com\\\/pt-pt\\\/#organization\",\"name\":\"Cristina Royo\",\"description\":\"Chato m\\u00f3vel Coluna, cruz chata, fresadoras, tornos verticais, tornos CNC. Completa gama de m\\u00e1quinas-ferramentas ao seu alcance.\",\"url\":\"https:\\\/\\\/www.maquinariamarquez.com\\\/pt-pt\\\/\",\"logo\":{\"@type\":\"ImageObject\",\"url\":\"https:\\\/\\\/www.maquinariamarquez.com\\\/wp-content\\\/uploads\\\/2021\\\/11\\\/LOGOTIPO-01.jpg\",\"@id\":\"https:\\\/\\\/www.maquinariamarquez.com\\\/pt-pt\\\/maquinaria-marquez-participa-na-emaf-juntamente-com-o-seu-distribuidor-enriel\\\/#organizationLogo\",\"width\":843,\"height\":596},\"image\":{\"@id\":\"https:\\\/\\\/www.maquinariamarquez.com\\\/pt-pt\\\/maquinaria-marquez-participa-na-emaf-juntamente-com-o-seu-distribuidor-enriel\\\/#organizationLogo\"}},{\"@type\":\"Person\",\"@id\":\"#author\",\"name\":\"Eva Vasquez\",\"image\":{\"@type\":\"ImageObject\",\"@id\":\"https:\\\/\\\/www.maquinariamarquez.com\\\/pt-pt\\\/maquinaria-marquez-participa-na-emaf-juntamente-com-o-seu-distribuidor-enriel\\\/#authorImage\",\"url\":\"https:\\\/\\\/secure.gravatar.com\\\/avatar\\\/0601622d20c773a32ce14ce1cba171ef600a419a8dee34c999e3c0e27e3c3882?s=96&d=mm&r=g\",\"width\":96,\"height\":96,\"caption\":\"Eva Vasquez\"}},{\"@type\":\"WebPage\",\"@id\":\"https:\\\/\\\/www.maquinariamarquez.com\\\/pt-pt\\\/maquinaria-marquez-participa-na-emaf-juntamente-com-o-seu-distribuidor-enriel\\\/#webpage\",\"url\":\"https:\\\/\\\/www.maquinariamarquez.com\\\/pt-pt\\\/maquinaria-marquez-participa-na-emaf-juntamente-com-o-seu-distribuidor-enriel\\\/\",\"name\":\"MAQUINARIA M\\u00c1RQUEZ PARTICIPA NA EMAF JUNTAMENTE COM O SEU DISTRIBUIDOR ENRIEL\",\"description\":\"Maquinaria M\\u00e1rquez apresentou na feira EMAF, no Porto, as suas diversas novidades, pela m\\u00e3o do seu representante na Galiza e zona norte de Portugal, ENRIEL. ENRIEL \\u00e9 um distribuidor historicamente pr\\u00f3ximo e muito presente na ind\\u00fastria da maquinagem e as sinergias criadas com a Maquinaria M\\u00e1rquez fazem desta uni\\u00e3o uma solu\\u00e7\\u00e3o competitiva que aproxima a\",\"inLanguage\":\"pt-PT\",\"isPartOf\":{\"@id\":\"https:\\\/\\\/www.maquinariamarquez.com\\\/pt-pt\\\/#website\"},\"breadcrumb\":{\"@id\":\"https:\\\/\\\/www.maquinariamarquez.com\\\/pt-pt\\\/maquinaria-marquez-participa-na-emaf-juntamente-com-o-seu-distribuidor-enriel\\\/#breadcrumblist\"},\"image\":{\"@type\":\"ImageObject\",\"url\":\"https:\\\/\\\/www.maquinariamarquez.com\\\/wp-content\\\/uploads\\\/2018\\\/11\\\/MAQUINARIA-MARQUEZ.jpg\",\"@id\":\"https:\\\/\\\/www.maquinariamarquez.com\\\/pt-pt\\\/maquinaria-marquez-participa-na-emaf-juntamente-com-o-seu-distribuidor-enriel\\\/#mainImage\",\"width\":4032,\"height\":3024},\"primaryImageOfPage\":{\"@id\":\"https:\\\/\\\/www.maquinariamarquez.com\\\/pt-pt\\\/maquinaria-marquez-participa-na-emaf-juntamente-com-o-seu-distribuidor-enriel\\\/#mainImage\"},\"datePublished\":\"2018-11-28T10:24:36+02:00\",\"dateModified\":\"2018-11-28T10:24:36+02:00\"},{\"@type\":\"WebSite\",\"@id\":\"https:\\\/\\\/www.maquinariamarquez.com\\\/pt-pt\\\/#website\",\"url\":\"https:\\\/\\\/www.maquinariamarquez.com\\\/pt-pt\\\/\",\"name\":\"Maquinaria M\\u00e1rquez\",\"description\":\"Chato m\\u00f3vel Coluna, cruz chata, fresadoras, tornos verticais, tornos CNC. Completa gama de m\\u00e1quinas-ferramentas ao seu alcance.\",\"inLanguage\":\"pt-PT\",\"publisher\":{\"@id\":\"https:\\\/\\\/www.maquinariamarquez.com\\\/pt-pt\\\/#organization\"}}]}\n\t\t<\/script>\n\t\t<!-- All in One SEO -->\n\n","aioseo_head_json":{"title":"MAQUINARIA M\u00c1RQUEZ PARTICIPA NA EMAF JUNTAMENTE COM O SEU DISTRIBUIDOR ENRIEL","description":"Maquinaria M\u00e1rquez apresentou na feira EMAF, no Porto, as suas diversas novidades, pela m\u00e3o do seu representante na Galiza e zona norte de Portugal, ENRIEL. ENRIEL \u00e9 um distribuidor historicamente pr\u00f3ximo e muito presente na ind\u00fastria da maquinagem e as sinergias criadas com a Maquinaria M\u00e1rquez fazem desta uni\u00e3o uma solu\u00e7\u00e3o competitiva que aproxima a","canonical_url":"https:\/\/www.maquinariamarquez.com\/pt-pt\/maquinaria-marquez-participa-na-emaf-juntamente-com-o-seu-distribuidor-enriel\/","robots":"max-snippet:-1, max-image-preview:large, max-video-preview:-1","keywords":"","webmasterTools":{"miscellaneous":""},"schema":{"@context":"https:\/\/schema.org","@graph":[{"@type":"Article","@id":"https:\/\/www.maquinariamarquez.com\/pt-pt\/maquinaria-marquez-participa-na-emaf-juntamente-com-o-seu-distribuidor-enriel\/#article","name":"MAQUINARIA M\u00c1RQUEZ PARTICIPA NA EMAF JUNTAMENTE COM O SEU DISTRIBUIDOR ENRIEL","headline":"MAQUINARIA M\u00c1RQUEZ PARTICIPA NA EMAF JUNTAMENTE COM O SEU DISTRIBUIDOR ENRIEL","author":{"@id":"#author"},"publisher":{"@id":"https:\/\/www.maquinariamarquez.com\/pt-pt\/#organization"},"image":{"@type":"ImageObject","url":"https:\/\/www.maquinariamarquez.com\/wp-content\/uploads\/2018\/11\/MAQUINARIA-MARQUEZ.jpg","width":4032,"height":3024},"datePublished":"2018-11-28T10:24:36+02:00","dateModified":"2018-11-28T10:24:36+02:00","inLanguage":"pt-PT","mainEntityOfPage":{"@id":"https:\/\/www.maquinariamarquez.com\/pt-pt\/maquinaria-marquez-participa-na-emaf-juntamente-com-o-seu-distribuidor-enriel\/#webpage"},"isPartOf":{"@id":"https:\/\/www.maquinariamarquez.com\/pt-pt\/maquinaria-marquez-participa-na-emaf-juntamente-com-o-seu-distribuidor-enriel\/#webpage"},"articleSection":"Maquinaria M\u00e1rquez, Opcional, Chile, Per\u00fa, Portugal, Europa"},{"@type":"BreadcrumbList","@id":"https:\/\/www.maquinariamarquez.com\/pt-pt\/maquinaria-marquez-participa-na-emaf-juntamente-com-o-seu-distribuidor-enriel\/#breadcrumblist","itemListElement":[{"@type":"ListItem","@id":"https:\/\/www.maquinariamarquez.com\/pt-pt\/#listItem","position":1,"name":"Inicio","item":"https:\/\/www.maquinariamarquez.com\/pt-pt\/","nextItem":{"@type":"ListItem","@id":"https:\/\/www.maquinariamarquez.com\/pt-pt\/categoria-noticias-pt\/maquinaria-marquez-pt-pt\/#listItem","name":"Maquinaria M\u00e1rquez"}},{"@type":"ListItem","@id":"https:\/\/www.maquinariamarquez.com\/pt-pt\/categoria-noticias-pt\/maquinaria-marquez-pt-pt\/#listItem","position":2,"name":"Maquinaria M\u00e1rquez","item":"https:\/\/www.maquinariamarquez.com\/pt-pt\/categoria-noticias-pt\/maquinaria-marquez-pt-pt\/","nextItem":{"@type":"ListItem","@id":"https:\/\/www.maquinariamarquez.com\/pt-pt\/maquinaria-marquez-participa-na-emaf-juntamente-com-o-seu-distribuidor-enriel\/#listItem","name":"MAQUINARIA M\u00c1RQUEZ PARTICIPA NA EMAF JUNTAMENTE COM O SEU DISTRIBUIDOR ENRIEL"},"previousItem":{"@type":"ListItem","@id":"https:\/\/www.maquinariamarquez.com\/pt-pt\/#listItem","name":"Inicio"}},{"@type":"ListItem","@id":"https:\/\/www.maquinariamarquez.com\/pt-pt\/maquinaria-marquez-participa-na-emaf-juntamente-com-o-seu-distribuidor-enriel\/#listItem","position":3,"name":"MAQUINARIA M\u00c1RQUEZ PARTICIPA NA EMAF JUNTAMENTE COM O SEU DISTRIBUIDOR ENRIEL","previousItem":{"@type":"ListItem","@id":"https:\/\/www.maquinariamarquez.com\/pt-pt\/categoria-noticias-pt\/maquinaria-marquez-pt-pt\/#listItem","name":"Maquinaria M\u00e1rquez"}}]},{"@type":"Organization","@id":"https:\/\/www.maquinariamarquez.com\/pt-pt\/#organization","name":"Cristina Royo","description":"Chato m\u00f3vel Coluna, cruz chata, fresadoras, tornos verticais, tornos CNC. Completa gama de m\u00e1quinas-ferramentas ao seu alcance.","url":"https:\/\/www.maquinariamarquez.com\/pt-pt\/","logo":{"@type":"ImageObject","url":"https:\/\/www.maquinariamarquez.com\/wp-content\/uploads\/2021\/11\/LOGOTIPO-01.jpg","@id":"https:\/\/www.maquinariamarquez.com\/pt-pt\/maquinaria-marquez-participa-na-emaf-juntamente-com-o-seu-distribuidor-enriel\/#organizationLogo","width":843,"height":596},"image":{"@id":"https:\/\/www.maquinariamarquez.com\/pt-pt\/maquinaria-marquez-participa-na-emaf-juntamente-com-o-seu-distribuidor-enriel\/#organizationLogo"}},{"@type":"Person","@id":"#author","name":"Eva Vasquez","image":{"@type":"ImageObject","@id":"https:\/\/www.maquinariamarquez.com\/pt-pt\/maquinaria-marquez-participa-na-emaf-juntamente-com-o-seu-distribuidor-enriel\/#authorImage","url":"https:\/\/secure.gravatar.com\/avatar\/0601622d20c773a32ce14ce1cba171ef600a419a8dee34c999e3c0e27e3c3882?s=96&d=mm&r=g","width":96,"height":96,"caption":"Eva Vasquez"}},{"@type":"WebPage","@id":"https:\/\/www.maquinariamarquez.com\/pt-pt\/maquinaria-marquez-participa-na-emaf-juntamente-com-o-seu-distribuidor-enriel\/#webpage","url":"https:\/\/www.maquinariamarquez.com\/pt-pt\/maquinaria-marquez-participa-na-emaf-juntamente-com-o-seu-distribuidor-enriel\/","name":"MAQUINARIA M\u00c1RQUEZ PARTICIPA NA EMAF JUNTAMENTE COM O SEU DISTRIBUIDOR ENRIEL","description":"Maquinaria M\u00e1rquez apresentou na feira EMAF, no Porto, as suas diversas novidades, pela m\u00e3o do seu representante na Galiza e zona norte de Portugal, ENRIEL. ENRIEL \u00e9 um distribuidor historicamente pr\u00f3ximo e muito presente na ind\u00fastria da maquinagem e as sinergias criadas com a Maquinaria M\u00e1rquez fazem desta uni\u00e3o uma solu\u00e7\u00e3o competitiva que aproxima a","inLanguage":"pt-PT","isPartOf":{"@id":"https:\/\/www.maquinariamarquez.com\/pt-pt\/#website"},"breadcrumb":{"@id":"https:\/\/www.maquinariamarquez.com\/pt-pt\/maquinaria-marquez-participa-na-emaf-juntamente-com-o-seu-distribuidor-enriel\/#breadcrumblist"},"image":{"@type":"ImageObject","url":"https:\/\/www.maquinariamarquez.com\/wp-content\/uploads\/2018\/11\/MAQUINARIA-MARQUEZ.jpg","@id":"https:\/\/www.maquinariamarquez.com\/pt-pt\/maquinaria-marquez-participa-na-emaf-juntamente-com-o-seu-distribuidor-enriel\/#mainImage","width":4032,"height":3024},"primaryImageOfPage":{"@id":"https:\/\/www.maquinariamarquez.com\/pt-pt\/maquinaria-marquez-participa-na-emaf-juntamente-com-o-seu-distribuidor-enriel\/#mainImage"},"datePublished":"2018-11-28T10:24:36+02:00","dateModified":"2018-11-28T10:24:36+02:00"},{"@type":"WebSite","@id":"https:\/\/www.maquinariamarquez.com\/pt-pt\/#website","url":"https:\/\/www.maquinariamarquez.com\/pt-pt\/","name":"Maquinaria M\u00e1rquez","description":"Chato m\u00f3vel Coluna, cruz chata, fresadoras, tornos verticais, tornos CNC. Completa gama de m\u00e1quinas-ferramentas ao seu alcance.","inLanguage":"pt-PT","publisher":{"@id":"https:\/\/www.maquinariamarquez.com\/pt-pt\/#organization"}}]},"og:locale":"pt_PT","og:site_name":"Maquinaria M\u00e1rquez | Chato m\u00f3vel Coluna, cruz chata, fresadoras, tornos verticais, tornos CNC. Completa gama de m\u00e1quinas-ferramentas ao seu alcance.","og:type":"article","og:title":"MAQUINARIA M\u00c1RQUEZ PARTICIPA NA EMAF JUNTAMENTE COM O SEU DISTRIBUIDOR ENRIEL","og:description":"Maquinaria M\u00e1rquez apresentou na feira EMAF, no Porto, as suas diversas novidades, pela m\u00e3o do seu representante na Galiza e zona norte de Portugal, ENRIEL. ENRIEL \u00e9 um distribuidor historicamente pr\u00f3ximo e muito presente na ind\u00fastria da maquinagem e as sinergias criadas com a Maquinaria M\u00e1rquez fazem desta uni\u00e3o uma solu\u00e7\u00e3o competitiva que aproxima a","og:url":"https:\/\/www.maquinariamarquez.com\/pt-pt\/maquinaria-marquez-participa-na-emaf-juntamente-com-o-seu-distribuidor-enriel\/","og:image":"https:\/\/www.maquinariamarquez.com\/wp-content\/uploads\/2024\/05\/logo-maquinaria-marquez.png","og:image:secure_url":"https:\/\/www.maquinariamarquez.com\/wp-content\/uploads\/2024\/05\/logo-maquinaria-marquez.png","article:published_time":"2018-11-28T08:24:36+00:00","article:modified_time":"2018-11-28T08:24:36+00:00","twitter:card":"summary","twitter:title":"MAQUINARIA M\u00c1RQUEZ PARTICIPA NA EMAF JUNTAMENTE COM O SEU DISTRIBUIDOR ENRIEL","twitter:description":"Maquinaria M\u00e1rquez apresentou na feira EMAF, no Porto, as suas diversas novidades, pela m\u00e3o do seu representante na Galiza e zona norte de Portugal, ENRIEL. ENRIEL \u00e9 um distribuidor historicamente pr\u00f3ximo e muito presente na ind\u00fastria da maquinagem e as sinergias criadas com a Maquinaria M\u00e1rquez fazem desta uni\u00e3o uma solu\u00e7\u00e3o competitiva que aproxima a","twitter:image":"https:\/\/www.maquinariamarquez.com\/wp-content\/uploads\/2024\/05\/logo-maquinaria-marquez.png"},"aioseo_meta_data":{"post_id":"14742","title":null,"description":null,"keywords":null,"keyphrases":null,"primary_term":null,"canonical_url":null,"og_title":null,"og_description":null,"og_object_type":"default","og_image_type":"default","og_image_url":null,"og_image_width":null,"og_image_height":null,"og_image_custom_url":null,"og_image_custom_fields":null,"og_video":null,"og_custom_url":null,"og_article_section":null,"og_article_tags":null,"twitter_use_og":false,"twitter_card":"default","twitter_image_type":"default","twitter_image_url":null,"twitter_image_custom_url":null,"twitter_image_custom_fields":null,"twitter_title":null,"twitter_description":null,"schema":{"blockGraphs":[],"customGraphs":[],"default":{"data":{"Article":[],"Course":[],"Dataset":[],"FAQPage":[],"Movie":[],"Person":[],"Product":[],"ProductReview":[],"Car":[],"Recipe":[],"Service":[],"SoftwareApplication":[],"WebPage":[]},"graphName":"","isEnabled":true},"graphs":[]},"schema_type":"default","schema_type_options":null,"pillar_content":false,"robots_default":true,"robots_noindex":false,"robots_noarchive":false,"robots_nosnippet":false,"robots_nofollow":false,"robots_noimageindex":false,"robots_noodp":false,"robots_notranslate":false,"robots_max_snippet":null,"robots_max_videopreview":null,"robots_max_imagepreview":"large","priority":null,"frequency":null,"local_seo":null,"breadcrumb_settings":null,"limit_modified_date":false,"ai":null,"created":"2022-04-11 02:17:50","updated":"2025-06-06 08:47:59","focus_keyword":null,"additional_keywords":null,"truseo_locale":null,"seo_analyzer_scan_date":null},"aioseo_breadcrumb":"<div class=\"aioseo-breadcrumbs\"><span class=\"aioseo-breadcrumb\">\n\t\t\t<a href=\"https:\/\/www.maquinariamarquez.com\/pt-pt\/\" title=\"Inicio\">Inicio<\/a>\n\t\t<\/span><span class=\"aioseo-breadcrumb-separator\">&raquo;<\/span><span class=\"aioseo-breadcrumb\">\n\t\t\t<a href=\"https:\/\/www.maquinariamarquez.com\/pt-pt\/categoria-noticias-pt\/maquinaria-marquez-pt-pt\/\" title=\"Maquinaria M\u00e1rquez\">Maquinaria M\u00e1rquez<\/a>\n\t\t<\/span><span class=\"aioseo-breadcrumb-separator\">&raquo;<\/span><span class=\"aioseo-breadcrumb\">\n\t\t\tMAQUINARIA M\u00c1RQUEZ PARTICIPA NA EMAF JUNTAMENTE COM O SEU DISTRIBUIDOR ENRIEL\n\t\t<\/span><\/div>","aioseo_breadcrumb_json":[{"label":"Inicio","link":"https:\/\/www.maquinariamarquez.com\/pt-pt\/"},{"label":"Maquinaria M\u00e1rquez","link":"https:\/\/www.maquinariamarquez.com\/pt-pt\/categoria-noticias-pt\/maquinaria-marquez-pt-pt\/"},{"label":"MAQUINARIA M\u00c1RQUEZ PARTICIPA NA EMAF JUNTAMENTE COM O SEU DISTRIBUIDOR ENRIEL","link":"https:\/\/www.maquinariamarquez.com\/pt-pt\/maquinaria-marquez-participa-na-emaf-juntamente-com-o-seu-distribuidor-enriel\/"}],"_links":{"self":[{"href":"https:\/\/www.maquinariamarquez.com\/pt-pt\/wp-json\/wp\/v2\/posts\/14742","targetHints":{"allow":["GET"]}}],"collection":[{"href":"https:\/\/www.maquinariamarquez.com\/pt-pt\/wp-json\/wp\/v2\/posts"}],"about":[{"href":"https:\/\/www.maquinariamarquez.com\/pt-pt\/wp-json\/wp\/v2\/types\/post"}],"author":[{"embeddable":true,"href":"https:\/\/www.maquinariamarquez.com\/pt-pt\/wp-json\/wp\/v2\/users\/7"}],"replies":[{"embeddable":true,"href":"https:\/\/www.maquinariamarquez.com\/pt-pt\/wp-json\/wp\/v2\/comments?post=14742"}],"version-history":[{"count":0,"href":"https:\/\/www.maquinariamarquez.com\/pt-pt\/wp-json\/wp\/v2\/posts\/14742\/revisions"}],"wp:featuredmedia":[{"embeddable":true,"href":"https:\/\/www.maquinariamarquez.com\/pt-pt\/wp-json\/wp\/v2\/media\/16876"}],"wp:attachment":[{"href":"https:\/\/www.maquinariamarquez.com\/pt-pt\/wp-json\/wp\/v2\/media?parent=14742"}],"wp:term":[{"taxonomy":"category","embeddable":true,"href":"https:\/\/www.maquinariamarquez.com\/pt-pt\/wp-json\/wp\/v2\/categories?post=14742"},{"taxonomy":"post_tag","embeddable":true,"href":"https:\/\/www.maquinariamarquez.com\/pt-pt\/wp-json\/wp\/v2\/tags?post=14742"},{"taxonomy":"geolocalizacion","embeddable":true,"href":"https:\/\/www.maquinariamarquez.com\/pt-pt\/wp-json\/wp\/v2\/geolocalizacion?post=14742"}],"curies":[{"name":"wp","href":"https:\/\/api.w.org\/{rel}","templated":true}]}}