{"id":14756,"date":"2019-04-05T13:04:48","date_gmt":"2019-04-05T11:04:48","guid":{"rendered":"https:\/\/www.maquinariamarquez.com\/noticia\/a-maquinaria-marquez-participa-na-tosmeet-2019-celebrada-pela-tos-varnsdorf\/"},"modified":"2019-04-05T13:04:48","modified_gmt":"2019-04-05T11:04:48","slug":"a-maquinaria-marquez-participa-na-tosmeet-2019-celebrada-pela-tos-varnsdorf","status":"publish","type":"post","link":"https:\/\/www.maquinariamarquez.com\/pt-pt\/a-maquinaria-marquez-participa-na-tosmeet-2019-celebrada-pela-tos-varnsdorf\/","title":{"rendered":"A Maquinaria M\u00e1rquez participa na TOSMEET 2019 celebrada pela TOS Varnsdorf"},"content":{"rendered":"<p>A Tos Varsndorf celebrou a TOSMEET 2019, jornada t\u00e9cnica em que se re\u00fanem os representantes de todo o mundo para apresentar as suas \u00faltimas novidades e desenvolvimentos.<\/p>\n<p>A Maquinaria M\u00e1rquez, como dealer destacado em Espanha e Portugal, participou mais uma vez, acumulando uma experi\u00eancia de mais de 20 anos na venda deste produto.<\/p>\n<p>Entre as novidades apresentadas neste semin\u00e1rio destacamos:<\/p>\n<ul>\n<li>Apresenta\u00e7\u00e3o do novo modelo WHT 130, um avan\u00e7ado conceito de m\u00e1quina para brocar multi-tarefa.<\/li>\n<li>Apresenta\u00e7\u00e3o da nova gama de Fresadoras de Ponte, um complemento altamente procurado pelo mercado e que completa a gama de fabrica\u00e7\u00e3o da TOS Varnsdorf.<\/li>\n<li>Integra\u00e7\u00e3o dos modelos da TOS Varnsdorf na Industria 4.0 atrav\u00e9s do TOS Connect.<\/li>\n<\/ul>\n<div id='gallery-1' class='gallery galleryid-14756 gallery-columns-3 gallery-size-thumbnail'><figure class='gallery-item'>\n\t\t\t<div class='gallery-icon portrait'>\n\t\t\t\t<a href='https:\/\/www.maquinariamarquez.com\/wp-content\/uploads\/2019\/04\/FRESADORA-PUENTE.jpg' title=\"FRESADORA PUENTE\" data-rl_title=\"FRESADORA PUENTE\" class=\"rl-gallery-link\" data-rl_caption=\"\" data-rel=\"lightbox-gallery-1\"><img loading=\"lazy\" decoding=\"async\" width=\"250\" height=\"250\" src=\"https:\/\/www.maquinariamarquez.com\/wp-content\/uploads\/2019\/04\/FRESADORA-PUENTE-250x250.jpg\" class=\"attachment-thumbnail size-thumbnail\" alt=\"A Maquinaria M\u00e1rquez participa na TOSMEET 2019 celebrada pela TOS Varnsdorf\" aria-describedby=\"gallery-1-16994\" srcset=\"https:\/\/www.maquinariamarquez.com\/wp-content\/uploads\/2019\/04\/FRESADORA-PUENTE-250x250.jpg 250w, https:\/\/www.maquinariamarquez.com\/wp-content\/uploads\/2019\/04\/FRESADORA-PUENTE-175x175.jpg 175w\" sizes=\"auto, (max-width: 250px) 100vw, 250px\" \/><\/a>\n\t\t\t<\/div>\n\t\t\t\t<figcaption class='wp-caption-text gallery-caption' id='gallery-1-16994'>\n\t\t\t\tFresadora puente\n\t\t\t\t<\/figcaption><\/figure><figure class='gallery-item'>\n\t\t\t<div class='gallery-icon landscape'>\n\t\t\t\t<a href='https:\/\/www.maquinariamarquez.com\/wp-content\/uploads\/2017\/10\/whtec-130.jpg' title=\"whtec-130\" data-rl_title=\"whtec-130\" class=\"rl-gallery-link\" data-rl_caption=\"\" data-rel=\"lightbox-gallery-1\"><img loading=\"lazy\" decoding=\"async\" width=\"250\" height=\"250\" src=\"https:\/\/www.maquinariamarquez.com\/wp-content\/uploads\/2017\/10\/whtec-130-250x250.jpg\" class=\"attachment-thumbnail size-thumbnail\" alt=\"A Maquinaria M\u00e1rquez participa na TOSMEET 2019 celebrada pela TOS Varnsdorf\" aria-describedby=\"gallery-1-16566\" srcset=\"https:\/\/www.maquinariamarquez.com\/wp-content\/uploads\/2017\/10\/whtec-130-250x250.jpg 250w, https:\/\/www.maquinariamarquez.com\/wp-content\/uploads\/2017\/10\/whtec-130-175x175.jpg 175w\" sizes=\"auto, (max-width: 250px) 100vw, 250px\" \/><\/a>\n\t\t\t<\/div>\n\t\t\t\t<figcaption class='wp-caption-text gallery-caption' id='gallery-1-16566'>\n\t\t\t\tCentro de Mandrinado y Fresado WHtec 130\n\t\t\t\t<\/figcaption><\/figure>\n\t\t<\/div>\n\n","protected":false},"excerpt":{"rendered":"<p>A Tos Varsndorf celebrou a TOSMEET 2019, jornada t\u00e9cnica em que se re\u00fanem os representantes de todo o mundo para apresentar as suas \u00faltimas novidades e desenvolvimentos. A Maquinaria M\u00e1rquez, como dealer destacado em Espanha e Portugal, participou mais uma vez, acumulando uma experi\u00eancia de mais de 20 anos na venda deste produto. Entre as [&#8230;]<\/p>\n<p><a class=\"btn btn-primary understrap-read-more-link\" href=\"https:\/\/www.maquinariamarquez.com\/pt-pt\/a-maquinaria-marquez-participa-na-tosmeet-2019-celebrada-pela-tos-varnsdorf\/\">Leia mais<\/a><\/p>\n","protected":false},"author":7,"featured_media":16994,"comment_status":"closed","ping_status":"open","sticky":false,"template":"","format":"standard","meta":{"_acf_changed":false,"footnotes":""},"categories":[325],"tags":[],"geolocalizacion":[404,396,394,398],"class_list":["post-14756","post","type-post","status-publish","format-standard","has-post-thumbnail","hentry","category-maquinaria-marquez-pt-pt","geolocalizacion-chile-pt-pt","geolocalizacion-latino-pt-pt","geolocalizacion-portugal-pt-pt","geolocalizacion-europa-pt-pt"],"acf":[],"aioseo_notices":[],"aioseo_head":"\n\t\t<!-- All in One SEO 5.0.0.1 - aioseo.com -->\n\t<meta name=\"description\" content=\"A Tos Varsndorf celebrou a TOSMEET 2019, jornada t\u00e9cnica em que se re\u00fanem os representantes de todo o mundo para apresentar as suas \u00faltimas novidades e desenvolvimentos. A Maquinaria M\u00e1rquez, como dealer destacado em Espanha e Portugal, participou mais uma vez, acumulando uma experi\u00eancia de mais de 20 anos na venda deste produto. Entre as\" \/>\n\t<meta name=\"robots\" content=\"max-snippet:-1, max-image-preview:large, max-video-preview:-1\" \/>\n\t<meta name=\"author\" content=\"Eva Vasquez\"\/>\n\t<link rel=\"canonical\" href=\"https:\/\/www.maquinariamarquez.com\/pt-pt\/a-maquinaria-marquez-participa-na-tosmeet-2019-celebrada-pela-tos-varnsdorf\/\" \/>\n\t<meta name=\"generator\" content=\"All in One SEO (AIOSEO) 5.0.0.1\" \/>\n\t\t<meta property=\"og:locale\" content=\"pt_PT\" \/>\n\t\t<meta property=\"og:site_name\" content=\"Maquinaria M\u00e1rquez | Chato m\u00f3vel Coluna, cruz chata, fresadoras, tornos verticais, tornos CNC. Completa gama de m\u00e1quinas-ferramentas ao seu alcance.\" \/>\n\t\t<meta property=\"og:type\" content=\"article\" \/>\n\t\t<meta property=\"og:title\" content=\"A Maquinaria M\u00e1rquez participa na TOSMEET 2019 celebrada pela TOS Varnsdorf\" \/>\n\t\t<meta property=\"og:description\" content=\"A Tos Varsndorf celebrou a TOSMEET 2019, jornada t\u00e9cnica em que se re\u00fanem os representantes de todo o mundo para apresentar as suas \u00faltimas novidades e desenvolvimentos. A Maquinaria M\u00e1rquez, como dealer destacado em Espanha e Portugal, participou mais uma vez, acumulando uma experi\u00eancia de mais de 20 anos na venda deste produto. Entre as\" \/>\n\t\t<meta property=\"og:url\" content=\"https:\/\/www.maquinariamarquez.com\/pt-pt\/a-maquinaria-marquez-participa-na-tosmeet-2019-celebrada-pela-tos-varnsdorf\/\" \/>\n\t\t<meta property=\"og:image\" content=\"https:\/\/www.maquinariamarquez.com\/wp-content\/uploads\/2024\/05\/logo-maquinaria-marquez.png\" \/>\n\t\t<meta property=\"og:image:secure_url\" content=\"https:\/\/www.maquinariamarquez.com\/wp-content\/uploads\/2024\/05\/logo-maquinaria-marquez.png\" \/>\n\t\t<meta property=\"article:published_time\" content=\"2019-04-05T11:04:48+00:00\" \/>\n\t\t<meta property=\"article:modified_time\" content=\"2019-04-05T11:04:48+00:00\" \/>\n\t\t<meta name=\"twitter:card\" content=\"summary\" \/>\n\t\t<meta name=\"twitter:title\" content=\"A Maquinaria M\u00e1rquez participa na TOSMEET 2019 celebrada pela TOS Varnsdorf\" \/>\n\t\t<meta name=\"twitter:description\" content=\"A Tos Varsndorf celebrou a TOSMEET 2019, jornada t\u00e9cnica em que se re\u00fanem os representantes de todo o mundo para apresentar as suas \u00faltimas novidades e desenvolvimentos. A Maquinaria M\u00e1rquez, como dealer destacado em Espanha e Portugal, participou mais uma vez, acumulando uma experi\u00eancia de mais de 20 anos na venda deste produto. Entre as\" \/>\n\t\t<meta name=\"twitter:image\" content=\"https:\/\/www.maquinariamarquez.com\/wp-content\/uploads\/2024\/05\/logo-maquinaria-marquez.png\" \/>\n\t\t<script type=\"application\/ld+json\" class=\"aioseo-schema\">\n\t\t\t{\"@context\":\"https:\\\/\\\/schema.org\",\"@graph\":[{\"@type\":\"Article\",\"@id\":\"https:\\\/\\\/www.maquinariamarquez.com\\\/pt-pt\\\/a-maquinaria-marquez-participa-na-tosmeet-2019-celebrada-pela-tos-varnsdorf\\\/#article\",\"name\":\"A Maquinaria M\\u00e1rquez participa na TOSMEET 2019 celebrada pela TOS Varnsdorf\",\"headline\":\"A Maquinaria M\\u00e1rquez participa na TOSMEET 2019 celebrada pela TOS Varnsdorf\",\"author\":{\"@id\":\"#author\"},\"publisher\":{\"@id\":\"https:\\\/\\\/www.maquinariamarquez.com\\\/pt-pt\\\/#organization\"},\"image\":{\"@type\":\"ImageObject\",\"url\":\"https:\\\/\\\/www.maquinariamarquez.com\\\/wp-content\\\/uploads\\\/2019\\\/04\\\/FRESADORA-PUENTE.jpg\",\"width\":640,\"height\":960,\"caption\":\"Fresadora puente\"},\"datePublished\":\"2019-04-05T13:04:48+02:00\",\"dateModified\":\"2019-04-05T13:04:48+02:00\",\"inLanguage\":\"pt-PT\",\"mainEntityOfPage\":{\"@id\":\"https:\\\/\\\/www.maquinariamarquez.com\\\/pt-pt\\\/a-maquinaria-marquez-participa-na-tosmeet-2019-celebrada-pela-tos-varnsdorf\\\/#webpage\"},\"isPartOf\":{\"@id\":\"https:\\\/\\\/www.maquinariamarquez.com\\\/pt-pt\\\/a-maquinaria-marquez-participa-na-tosmeet-2019-celebrada-pela-tos-varnsdorf\\\/#webpage\"},\"articleSection\":\"Maquinaria M\\u00e1rquez, Opcional, Chile, Per\\u00fa, Portugal, Europa\"},{\"@type\":\"BreadcrumbList\",\"@id\":\"https:\\\/\\\/www.maquinariamarquez.com\\\/pt-pt\\\/a-maquinaria-marquez-participa-na-tosmeet-2019-celebrada-pela-tos-varnsdorf\\\/#breadcrumblist\",\"itemListElement\":[{\"@type\":\"ListItem\",\"@id\":\"https:\\\/\\\/www.maquinariamarquez.com\\\/pt-pt\\\/#listItem\",\"position\":1,\"name\":\"Inicio\",\"item\":\"https:\\\/\\\/www.maquinariamarquez.com\\\/pt-pt\\\/\",\"nextItem\":{\"@type\":\"ListItem\",\"@id\":\"https:\\\/\\\/www.maquinariamarquez.com\\\/pt-pt\\\/categoria-noticias-pt\\\/maquinaria-marquez-pt-pt\\\/#listItem\",\"name\":\"Maquinaria M\\u00e1rquez\"}},{\"@type\":\"ListItem\",\"@id\":\"https:\\\/\\\/www.maquinariamarquez.com\\\/pt-pt\\\/categoria-noticias-pt\\\/maquinaria-marquez-pt-pt\\\/#listItem\",\"position\":2,\"name\":\"Maquinaria M\\u00e1rquez\",\"item\":\"https:\\\/\\\/www.maquinariamarquez.com\\\/pt-pt\\\/categoria-noticias-pt\\\/maquinaria-marquez-pt-pt\\\/\",\"nextItem\":{\"@type\":\"ListItem\",\"@id\":\"https:\\\/\\\/www.maquinariamarquez.com\\\/pt-pt\\\/a-maquinaria-marquez-participa-na-tosmeet-2019-celebrada-pela-tos-varnsdorf\\\/#listItem\",\"name\":\"A Maquinaria M\\u00e1rquez participa na TOSMEET 2019 celebrada pela TOS Varnsdorf\"},\"previousItem\":{\"@type\":\"ListItem\",\"@id\":\"https:\\\/\\\/www.maquinariamarquez.com\\\/pt-pt\\\/#listItem\",\"name\":\"Inicio\"}},{\"@type\":\"ListItem\",\"@id\":\"https:\\\/\\\/www.maquinariamarquez.com\\\/pt-pt\\\/a-maquinaria-marquez-participa-na-tosmeet-2019-celebrada-pela-tos-varnsdorf\\\/#listItem\",\"position\":3,\"name\":\"A Maquinaria M\\u00e1rquez participa na TOSMEET 2019 celebrada pela TOS Varnsdorf\",\"previousItem\":{\"@type\":\"ListItem\",\"@id\":\"https:\\\/\\\/www.maquinariamarquez.com\\\/pt-pt\\\/categoria-noticias-pt\\\/maquinaria-marquez-pt-pt\\\/#listItem\",\"name\":\"Maquinaria M\\u00e1rquez\"}}]},{\"@type\":\"Organization\",\"@id\":\"https:\\\/\\\/www.maquinariamarquez.com\\\/pt-pt\\\/#organization\",\"name\":\"Cristina Royo\",\"description\":\"Chato m\\u00f3vel Coluna, cruz chata, fresadoras, tornos verticais, tornos CNC. Completa gama de m\\u00e1quinas-ferramentas ao seu alcance.\",\"url\":\"https:\\\/\\\/www.maquinariamarquez.com\\\/pt-pt\\\/\",\"logo\":{\"@type\":\"ImageObject\",\"url\":\"https:\\\/\\\/www.maquinariamarquez.com\\\/wp-content\\\/uploads\\\/2021\\\/11\\\/LOGOTIPO-01.jpg\",\"@id\":\"https:\\\/\\\/www.maquinariamarquez.com\\\/pt-pt\\\/a-maquinaria-marquez-participa-na-tosmeet-2019-celebrada-pela-tos-varnsdorf\\\/#organizationLogo\",\"width\":843,\"height\":596},\"image\":{\"@id\":\"https:\\\/\\\/www.maquinariamarquez.com\\\/pt-pt\\\/a-maquinaria-marquez-participa-na-tosmeet-2019-celebrada-pela-tos-varnsdorf\\\/#organizationLogo\"}},{\"@type\":\"Person\",\"@id\":\"#author\",\"name\":\"Eva Vasquez\",\"image\":{\"@type\":\"ImageObject\",\"@id\":\"https:\\\/\\\/www.maquinariamarquez.com\\\/pt-pt\\\/a-maquinaria-marquez-participa-na-tosmeet-2019-celebrada-pela-tos-varnsdorf\\\/#authorImage\",\"url\":\"https:\\\/\\\/secure.gravatar.com\\\/avatar\\\/0601622d20c773a32ce14ce1cba171ef600a419a8dee34c999e3c0e27e3c3882?s=96&d=mm&r=g\",\"width\":96,\"height\":96,\"caption\":\"Eva Vasquez\"}},{\"@type\":\"WebPage\",\"@id\":\"https:\\\/\\\/www.maquinariamarquez.com\\\/pt-pt\\\/a-maquinaria-marquez-participa-na-tosmeet-2019-celebrada-pela-tos-varnsdorf\\\/#webpage\",\"url\":\"https:\\\/\\\/www.maquinariamarquez.com\\\/pt-pt\\\/a-maquinaria-marquez-participa-na-tosmeet-2019-celebrada-pela-tos-varnsdorf\\\/\",\"name\":\"A Maquinaria M\\u00e1rquez participa na TOSMEET 2019 celebrada pela TOS Varnsdorf\",\"description\":\"A Tos Varsndorf celebrou a TOSMEET 2019, jornada t\\u00e9cnica em que se re\\u00fanem os representantes de todo o mundo para apresentar as suas \\u00faltimas novidades e desenvolvimentos. A Maquinaria M\\u00e1rquez, como dealer destacado em Espanha e Portugal, participou mais uma vez, acumulando uma experi\\u00eancia de mais de 20 anos na venda deste produto. Entre as\",\"inLanguage\":\"pt-PT\",\"isPartOf\":{\"@id\":\"https:\\\/\\\/www.maquinariamarquez.com\\\/pt-pt\\\/#website\"},\"breadcrumb\":{\"@id\":\"https:\\\/\\\/www.maquinariamarquez.com\\\/pt-pt\\\/a-maquinaria-marquez-participa-na-tosmeet-2019-celebrada-pela-tos-varnsdorf\\\/#breadcrumblist\"},\"image\":{\"@type\":\"ImageObject\",\"url\":\"https:\\\/\\\/www.maquinariamarquez.com\\\/wp-content\\\/uploads\\\/2019\\\/04\\\/FRESADORA-PUENTE.jpg\",\"@id\":\"https:\\\/\\\/www.maquinariamarquez.com\\\/pt-pt\\\/a-maquinaria-marquez-participa-na-tosmeet-2019-celebrada-pela-tos-varnsdorf\\\/#mainImage\",\"width\":640,\"height\":960,\"caption\":\"Fresadora puente\"},\"primaryImageOfPage\":{\"@id\":\"https:\\\/\\\/www.maquinariamarquez.com\\\/pt-pt\\\/a-maquinaria-marquez-participa-na-tosmeet-2019-celebrada-pela-tos-varnsdorf\\\/#mainImage\"},\"datePublished\":\"2019-04-05T13:04:48+02:00\",\"dateModified\":\"2019-04-05T13:04:48+02:00\"},{\"@type\":\"WebSite\",\"@id\":\"https:\\\/\\\/www.maquinariamarquez.com\\\/pt-pt\\\/#website\",\"url\":\"https:\\\/\\\/www.maquinariamarquez.com\\\/pt-pt\\\/\",\"name\":\"Maquinaria M\\u00e1rquez\",\"description\":\"Chato m\\u00f3vel Coluna, cruz chata, fresadoras, tornos verticais, tornos CNC. Completa gama de m\\u00e1quinas-ferramentas ao seu alcance.\",\"inLanguage\":\"pt-PT\",\"publisher\":{\"@id\":\"https:\\\/\\\/www.maquinariamarquez.com\\\/pt-pt\\\/#organization\"}}]}\n\t\t<\/script>\n\t\t<!-- All in One SEO -->\n\n","aioseo_head_json":{"title":"A Maquinaria M\u00e1rquez participa na TOSMEET 2019 celebrada pela TOS Varnsdorf","description":"A Tos Varsndorf celebrou a TOSMEET 2019, jornada t\u00e9cnica em que se re\u00fanem os representantes de todo o mundo para apresentar as suas \u00faltimas novidades e desenvolvimentos. A Maquinaria M\u00e1rquez, como dealer destacado em Espanha e Portugal, participou mais uma vez, acumulando uma experi\u00eancia de mais de 20 anos na venda deste produto. Entre as","canonical_url":"https:\/\/www.maquinariamarquez.com\/pt-pt\/a-maquinaria-marquez-participa-na-tosmeet-2019-celebrada-pela-tos-varnsdorf\/","robots":"max-snippet:-1, max-image-preview:large, max-video-preview:-1","keywords":"","webmasterTools":{"miscellaneous":""},"schema":{"@context":"https:\/\/schema.org","@graph":[{"@type":"Article","@id":"https:\/\/www.maquinariamarquez.com\/pt-pt\/a-maquinaria-marquez-participa-na-tosmeet-2019-celebrada-pela-tos-varnsdorf\/#article","name":"A Maquinaria M\u00e1rquez participa na TOSMEET 2019 celebrada pela TOS Varnsdorf","headline":"A Maquinaria M\u00e1rquez participa na TOSMEET 2019 celebrada pela TOS Varnsdorf","author":{"@id":"#author"},"publisher":{"@id":"https:\/\/www.maquinariamarquez.com\/pt-pt\/#organization"},"image":{"@type":"ImageObject","url":"https:\/\/www.maquinariamarquez.com\/wp-content\/uploads\/2019\/04\/FRESADORA-PUENTE.jpg","width":640,"height":960,"caption":"Fresadora puente"},"datePublished":"2019-04-05T13:04:48+02:00","dateModified":"2019-04-05T13:04:48+02:00","inLanguage":"pt-PT","mainEntityOfPage":{"@id":"https:\/\/www.maquinariamarquez.com\/pt-pt\/a-maquinaria-marquez-participa-na-tosmeet-2019-celebrada-pela-tos-varnsdorf\/#webpage"},"isPartOf":{"@id":"https:\/\/www.maquinariamarquez.com\/pt-pt\/a-maquinaria-marquez-participa-na-tosmeet-2019-celebrada-pela-tos-varnsdorf\/#webpage"},"articleSection":"Maquinaria M\u00e1rquez, Opcional, Chile, Per\u00fa, Portugal, Europa"},{"@type":"BreadcrumbList","@id":"https:\/\/www.maquinariamarquez.com\/pt-pt\/a-maquinaria-marquez-participa-na-tosmeet-2019-celebrada-pela-tos-varnsdorf\/#breadcrumblist","itemListElement":[{"@type":"ListItem","@id":"https:\/\/www.maquinariamarquez.com\/pt-pt\/#listItem","position":1,"name":"Inicio","item":"https:\/\/www.maquinariamarquez.com\/pt-pt\/","nextItem":{"@type":"ListItem","@id":"https:\/\/www.maquinariamarquez.com\/pt-pt\/categoria-noticias-pt\/maquinaria-marquez-pt-pt\/#listItem","name":"Maquinaria M\u00e1rquez"}},{"@type":"ListItem","@id":"https:\/\/www.maquinariamarquez.com\/pt-pt\/categoria-noticias-pt\/maquinaria-marquez-pt-pt\/#listItem","position":2,"name":"Maquinaria M\u00e1rquez","item":"https:\/\/www.maquinariamarquez.com\/pt-pt\/categoria-noticias-pt\/maquinaria-marquez-pt-pt\/","nextItem":{"@type":"ListItem","@id":"https:\/\/www.maquinariamarquez.com\/pt-pt\/a-maquinaria-marquez-participa-na-tosmeet-2019-celebrada-pela-tos-varnsdorf\/#listItem","name":"A Maquinaria M\u00e1rquez participa na TOSMEET 2019 celebrada pela TOS Varnsdorf"},"previousItem":{"@type":"ListItem","@id":"https:\/\/www.maquinariamarquez.com\/pt-pt\/#listItem","name":"Inicio"}},{"@type":"ListItem","@id":"https:\/\/www.maquinariamarquez.com\/pt-pt\/a-maquinaria-marquez-participa-na-tosmeet-2019-celebrada-pela-tos-varnsdorf\/#listItem","position":3,"name":"A Maquinaria M\u00e1rquez participa na TOSMEET 2019 celebrada pela TOS Varnsdorf","previousItem":{"@type":"ListItem","@id":"https:\/\/www.maquinariamarquez.com\/pt-pt\/categoria-noticias-pt\/maquinaria-marquez-pt-pt\/#listItem","name":"Maquinaria M\u00e1rquez"}}]},{"@type":"Organization","@id":"https:\/\/www.maquinariamarquez.com\/pt-pt\/#organization","name":"Cristina Royo","description":"Chato m\u00f3vel Coluna, cruz chata, fresadoras, tornos verticais, tornos CNC. Completa gama de m\u00e1quinas-ferramentas ao seu alcance.","url":"https:\/\/www.maquinariamarquez.com\/pt-pt\/","logo":{"@type":"ImageObject","url":"https:\/\/www.maquinariamarquez.com\/wp-content\/uploads\/2021\/11\/LOGOTIPO-01.jpg","@id":"https:\/\/www.maquinariamarquez.com\/pt-pt\/a-maquinaria-marquez-participa-na-tosmeet-2019-celebrada-pela-tos-varnsdorf\/#organizationLogo","width":843,"height":596},"image":{"@id":"https:\/\/www.maquinariamarquez.com\/pt-pt\/a-maquinaria-marquez-participa-na-tosmeet-2019-celebrada-pela-tos-varnsdorf\/#organizationLogo"}},{"@type":"Person","@id":"#author","name":"Eva Vasquez","image":{"@type":"ImageObject","@id":"https:\/\/www.maquinariamarquez.com\/pt-pt\/a-maquinaria-marquez-participa-na-tosmeet-2019-celebrada-pela-tos-varnsdorf\/#authorImage","url":"https:\/\/secure.gravatar.com\/avatar\/0601622d20c773a32ce14ce1cba171ef600a419a8dee34c999e3c0e27e3c3882?s=96&d=mm&r=g","width":96,"height":96,"caption":"Eva Vasquez"}},{"@type":"WebPage","@id":"https:\/\/www.maquinariamarquez.com\/pt-pt\/a-maquinaria-marquez-participa-na-tosmeet-2019-celebrada-pela-tos-varnsdorf\/#webpage","url":"https:\/\/www.maquinariamarquez.com\/pt-pt\/a-maquinaria-marquez-participa-na-tosmeet-2019-celebrada-pela-tos-varnsdorf\/","name":"A Maquinaria M\u00e1rquez participa na TOSMEET 2019 celebrada pela TOS Varnsdorf","description":"A Tos Varsndorf celebrou a TOSMEET 2019, jornada t\u00e9cnica em que se re\u00fanem os representantes de todo o mundo para apresentar as suas \u00faltimas novidades e desenvolvimentos. A Maquinaria M\u00e1rquez, como dealer destacado em Espanha e Portugal, participou mais uma vez, acumulando uma experi\u00eancia de mais de 20 anos na venda deste produto. Entre as","inLanguage":"pt-PT","isPartOf":{"@id":"https:\/\/www.maquinariamarquez.com\/pt-pt\/#website"},"breadcrumb":{"@id":"https:\/\/www.maquinariamarquez.com\/pt-pt\/a-maquinaria-marquez-participa-na-tosmeet-2019-celebrada-pela-tos-varnsdorf\/#breadcrumblist"},"image":{"@type":"ImageObject","url":"https:\/\/www.maquinariamarquez.com\/wp-content\/uploads\/2019\/04\/FRESADORA-PUENTE.jpg","@id":"https:\/\/www.maquinariamarquez.com\/pt-pt\/a-maquinaria-marquez-participa-na-tosmeet-2019-celebrada-pela-tos-varnsdorf\/#mainImage","width":640,"height":960,"caption":"Fresadora puente"},"primaryImageOfPage":{"@id":"https:\/\/www.maquinariamarquez.com\/pt-pt\/a-maquinaria-marquez-participa-na-tosmeet-2019-celebrada-pela-tos-varnsdorf\/#mainImage"},"datePublished":"2019-04-05T13:04:48+02:00","dateModified":"2019-04-05T13:04:48+02:00"},{"@type":"WebSite","@id":"https:\/\/www.maquinariamarquez.com\/pt-pt\/#website","url":"https:\/\/www.maquinariamarquez.com\/pt-pt\/","name":"Maquinaria M\u00e1rquez","description":"Chato m\u00f3vel Coluna, cruz chata, fresadoras, tornos verticais, tornos CNC. Completa gama de m\u00e1quinas-ferramentas ao seu alcance.","inLanguage":"pt-PT","publisher":{"@id":"https:\/\/www.maquinariamarquez.com\/pt-pt\/#organization"}}]},"og:locale":"pt_PT","og:site_name":"Maquinaria M\u00e1rquez | Chato m\u00f3vel Coluna, cruz chata, fresadoras, tornos verticais, tornos CNC. Completa gama de m\u00e1quinas-ferramentas ao seu alcance.","og:type":"article","og:title":"A Maquinaria M\u00e1rquez participa na TOSMEET 2019 celebrada pela TOS Varnsdorf","og:description":"A Tos Varsndorf celebrou a TOSMEET 2019, jornada t\u00e9cnica em que se re\u00fanem os representantes de todo o mundo para apresentar as suas \u00faltimas novidades e desenvolvimentos. A Maquinaria M\u00e1rquez, como dealer destacado em Espanha e Portugal, participou mais uma vez, acumulando uma experi\u00eancia de mais de 20 anos na venda deste produto. Entre as","og:url":"https:\/\/www.maquinariamarquez.com\/pt-pt\/a-maquinaria-marquez-participa-na-tosmeet-2019-celebrada-pela-tos-varnsdorf\/","og:image":"https:\/\/www.maquinariamarquez.com\/wp-content\/uploads\/2024\/05\/logo-maquinaria-marquez.png","og:image:secure_url":"https:\/\/www.maquinariamarquez.com\/wp-content\/uploads\/2024\/05\/logo-maquinaria-marquez.png","article:published_time":"2019-04-05T11:04:48+00:00","article:modified_time":"2019-04-05T11:04:48+00:00","twitter:card":"summary","twitter:title":"A Maquinaria M\u00e1rquez participa na TOSMEET 2019 celebrada pela TOS Varnsdorf","twitter:description":"A Tos Varsndorf celebrou a TOSMEET 2019, jornada t\u00e9cnica em que se re\u00fanem os representantes de todo o mundo para apresentar as suas \u00faltimas novidades e desenvolvimentos. A Maquinaria M\u00e1rquez, como dealer destacado em Espanha e Portugal, participou mais uma vez, acumulando uma experi\u00eancia de mais de 20 anos na venda deste produto. Entre as","twitter:image":"https:\/\/www.maquinariamarquez.com\/wp-content\/uploads\/2024\/05\/logo-maquinaria-marquez.png"},"aioseo_meta_data":{"post_id":"14756","title":null,"description":null,"keywords":null,"keyphrases":null,"primary_term":null,"canonical_url":null,"og_title":null,"og_description":null,"og_object_type":"default","og_image_type":"default","og_image_url":null,"og_image_width":null,"og_image_height":null,"og_image_custom_url":null,"og_image_custom_fields":null,"og_video":null,"og_custom_url":null,"og_article_section":null,"og_article_tags":null,"twitter_use_og":false,"twitter_card":"default","twitter_image_type":"default","twitter_image_url":null,"twitter_image_custom_url":null,"twitter_image_custom_fields":null,"twitter_title":null,"twitter_description":null,"schema":{"blockGraphs":[],"customGraphs":[],"default":{"data":{"Article":[],"Course":[],"Dataset":[],"FAQPage":[],"Movie":[],"Person":[],"Product":[],"ProductReview":[],"Car":[],"Recipe":[],"Service":[],"SoftwareApplication":[],"WebPage":[]},"graphName":"","isEnabled":true},"graphs":[]},"schema_type":"default","schema_type_options":null,"pillar_content":false,"robots_default":true,"robots_noindex":false,"robots_noarchive":false,"robots_nosnippet":false,"robots_nofollow":false,"robots_noimageindex":false,"robots_noodp":false,"robots_notranslate":false,"robots_max_snippet":null,"robots_max_videopreview":null,"robots_max_imagepreview":"large","priority":null,"frequency":null,"local_seo":null,"breadcrumb_settings":null,"limit_modified_date":false,"ai":null,"created":"2022-04-11 02:21:51","updated":"2025-06-06 08:49:01","focus_keyword":null,"additional_keywords":null,"truseo_locale":null,"seo_analyzer_scan_date":null},"aioseo_breadcrumb":"<div class=\"aioseo-breadcrumbs\"><span class=\"aioseo-breadcrumb\">\n\t\t\t<a href=\"https:\/\/www.maquinariamarquez.com\/pt-pt\/\" title=\"Inicio\">Inicio<\/a>\n\t\t<\/span><span class=\"aioseo-breadcrumb-separator\">&raquo;<\/span><span class=\"aioseo-breadcrumb\">\n\t\t\t<a href=\"https:\/\/www.maquinariamarquez.com\/pt-pt\/categoria-noticias-pt\/maquinaria-marquez-pt-pt\/\" title=\"Maquinaria M\u00e1rquez\">Maquinaria M\u00e1rquez<\/a>\n\t\t<\/span><span class=\"aioseo-breadcrumb-separator\">&raquo;<\/span><span class=\"aioseo-breadcrumb\">\n\t\t\tA Maquinaria M\u00e1rquez participa na TOSMEET 2019 celebrada pela TOS Varnsdorf\n\t\t<\/span><\/div>","aioseo_breadcrumb_json":[{"label":"Inicio","link":"https:\/\/www.maquinariamarquez.com\/pt-pt\/"},{"label":"Maquinaria M\u00e1rquez","link":"https:\/\/www.maquinariamarquez.com\/pt-pt\/categoria-noticias-pt\/maquinaria-marquez-pt-pt\/"},{"label":"A Maquinaria M\u00e1rquez participa na TOSMEET 2019 celebrada pela TOS Varnsdorf","link":"https:\/\/www.maquinariamarquez.com\/pt-pt\/a-maquinaria-marquez-participa-na-tosmeet-2019-celebrada-pela-tos-varnsdorf\/"}],"_links":{"self":[{"href":"https:\/\/www.maquinariamarquez.com\/pt-pt\/wp-json\/wp\/v2\/posts\/14756","targetHints":{"allow":["GET"]}}],"collection":[{"href":"https:\/\/www.maquinariamarquez.com\/pt-pt\/wp-json\/wp\/v2\/posts"}],"about":[{"href":"https:\/\/www.maquinariamarquez.com\/pt-pt\/wp-json\/wp\/v2\/types\/post"}],"author":[{"embeddable":true,"href":"https:\/\/www.maquinariamarquez.com\/pt-pt\/wp-json\/wp\/v2\/users\/7"}],"replies":[{"embeddable":true,"href":"https:\/\/www.maquinariamarquez.com\/pt-pt\/wp-json\/wp\/v2\/comments?post=14756"}],"version-history":[{"count":0,"href":"https:\/\/www.maquinariamarquez.com\/pt-pt\/wp-json\/wp\/v2\/posts\/14756\/revisions"}],"wp:featuredmedia":[{"embeddable":true,"href":"https:\/\/www.maquinariamarquez.com\/pt-pt\/wp-json\/wp\/v2\/media\/16994"}],"wp:attachment":[{"href":"https:\/\/www.maquinariamarquez.com\/pt-pt\/wp-json\/wp\/v2\/media?parent=14756"}],"wp:term":[{"taxonomy":"category","embeddable":true,"href":"https:\/\/www.maquinariamarquez.com\/pt-pt\/wp-json\/wp\/v2\/categories?post=14756"},{"taxonomy":"post_tag","embeddable":true,"href":"https:\/\/www.maquinariamarquez.com\/pt-pt\/wp-json\/wp\/v2\/tags?post=14756"},{"taxonomy":"geolocalizacion","embeddable":true,"href":"https:\/\/www.maquinariamarquez.com\/pt-pt\/wp-json\/wp\/v2\/geolocalizacion?post=14756"}],"curies":[{"name":"wp","href":"https:\/\/api.w.org\/{rel}","templated":true}]}}