{"id":4304,"date":"2017-09-19T09:43:55","date_gmt":"2017-09-19T07:43:55","guid":{"rendered":"https:\/\/www.maquinariamarquez.com\/?post_type=noticia&#038;p=4304"},"modified":"2022-04-22T09:42:02","modified_gmt":"2022-04-22T07:42:02","slug":"maquinaria-marquez-presente-en-la-feria-emo-de-hannover","status":"publish","type":"post","link":"https:\/\/www.maquinariamarquez.com\/pt-pt\/maquinaria-marquez-presente-en-la-feria-emo-de-hannover\/","title":{"rendered":"Maquinaria M\u00e1rquez, presente en la feria EMO de Hannover"},"content":{"rendered":"<p>Esta semana se celebra la feria <a href=\"http:\/\/www.emo-hannover.de\/home\" target=\"_blank\" rel=\"noopener noreferrer\">EMO de Hannover<\/a>, exponente mundial de la m\u00e1xima tecnolog\u00eda del mecanizado y Maquinaria Marquez estar\u00e1 presente para mostrar las \u00faltimas novedades de sus representadas.\u00a0Si desea concertar una cita, no dude en ponerse en contacto nosotros. Nos complacer\u00e1 recibirle en:<\/p>\n<p>&nbsp;<\/p>\n<p><strong>TOS VARNSDORF A.S.<\/strong><br \/>\nMandrinadoras<br \/>\nFresadoras alta precisi\u00f3n<br \/>\n<strong>Hall 13, Stand B75<\/strong><\/p>\n<p><strong>TRIMILL, A.S.<\/strong><br \/>\nFresadoras Gantry alta precisi\u00f3n<br \/>\nMoldes y troqueles<br \/>\n<strong>Hall 13, Stand C53<\/strong><\/p>\n<p><strong>VISION WIDE TECH<\/strong><br \/>\nCentros de mecanizado<br \/>\nFresadoras Puente<br \/>\n<strong>Hall 27, Stand B63<\/strong><\/p>\n<p><strong>HONOR SEIKI CO., LTD<\/strong><br \/>\nTornos verticales<br \/>\nRectificadoras de rodamientos<br \/>\n<strong>Hall 12, Stand A22<\/strong><\/p>\n<p><strong>TRENS SK, A.S.<\/strong><br \/>\nTornos Convencionales<br \/>\nAlta precisi\u00f3n<br \/>\nFabricaci\u00f3n europea<br \/>\n<strong>Hall 17, Stand E16<\/strong><\/p>\n<p><strong>TOS Cel\u00e1kovice <\/strong><br \/>\nTornos Paralelos<br \/>\nTalladoras CNC<br \/>\n<strong>Hall 11, Stand E81<\/strong><\/p>\n","protected":false},"excerpt":{"rendered":"<p>Esta semana se celebra la feria EMO de Hannover, exponente mundial de la m\u00e1xima tecnolog\u00eda del mecanizado y Maquinaria Marquez estar\u00e1 presente para mostrar las \u00faltimas novedades de sus representadas.\u00a0Si desea concertar una cita, no dude en ponerse en contacto nosotros. Nos complacer\u00e1 recibirle en: &nbsp; TOS VARNSDORF A.S. Mandrinadoras Fresadoras alta precisi\u00f3n Hall 13, [&#8230;]<\/p>\n<p><a class=\"btn btn-primary understrap-read-more-link\" href=\"https:\/\/www.maquinariamarquez.com\/pt-pt\/maquinaria-marquez-presente-en-la-feria-emo-de-hannover\/\">Leia mais<\/a><\/p>\n","protected":false},"author":4,"featured_media":4305,"comment_status":"closed","ping_status":"open","sticky":false,"template":"","format":"standard","meta":{"_acf_changed":false,"footnotes":""},"categories":[274,275,272],"tags":[],"geolocalizacion":[402,67,66,68],"class_list":["post-4304","post","type-post","status-publish","format-standard","has-post-thumbnail","hentry","category-ferias","category-noticias-del-sector","category-maquinaria-marquez","geolocalizacion-chile","geolocalizacion-latino","geolocalizacion-portugal","geolocalizacion-europa"],"acf":[],"aioseo_notices":[],"aioseo_head":"\n\t\t<!-- All in One SEO 5.0.0.1 - aioseo.com -->\n\t<meta name=\"description\" content=\"Esta semana se celebra la feria EMO de Hannover, exponente mundial de la m\u00e1xima tecnolog\u00eda del mecanizado y Maquinaria Marquez estar\u00e1 presente para mostrar las \u00faltimas novedades de sus representadas. Si desea concertar una cita, no dude en ponerse en contacto nosotros. Nos complacer\u00e1 recibirle en: TOS VARNSDORF A.S. Mandrinadoras Fresadoras alta precisi\u00f3n Hall 13,\" \/>\n\t<meta name=\"robots\" content=\"max-snippet:-1, max-image-preview:large, max-video-preview:-1\" \/>\n\t<meta name=\"author\" content=\"chema\"\/>\n\t<link rel=\"canonical\" href=\"https:\/\/www.maquinariamarquez.com\/pt-pt\/maquinaria-marquez-presente-en-la-feria-emo-de-hannover\/\" \/>\n\t<meta name=\"generator\" content=\"All in One SEO (AIOSEO) 5.0.0.1\" \/>\n\t\t<meta property=\"og:locale\" content=\"pt_PT\" \/>\n\t\t<meta property=\"og:site_name\" content=\"Maquinaria M\u00e1rquez | Chato m\u00f3vel Coluna, cruz chata, fresadoras, tornos verticais, tornos CNC. Completa gama de m\u00e1quinas-ferramentas ao seu alcance.\" \/>\n\t\t<meta property=\"og:type\" content=\"article\" \/>\n\t\t<meta property=\"og:title\" content=\"Maquinaria M\u00e1rquez, presente en la feria EMO de Hannover\" \/>\n\t\t<meta property=\"og:description\" content=\"Esta semana se celebra la feria EMO de Hannover, exponente mundial de la m\u00e1xima tecnolog\u00eda del mecanizado y Maquinaria Marquez estar\u00e1 presente para mostrar las \u00faltimas novedades de sus representadas. Si desea concertar una cita, no dude en ponerse en contacto nosotros. Nos complacer\u00e1 recibirle en: TOS VARNSDORF A.S. Mandrinadoras Fresadoras alta precisi\u00f3n Hall 13,\" \/>\n\t\t<meta property=\"og:url\" content=\"https:\/\/www.maquinariamarquez.com\/pt-pt\/maquinaria-marquez-presente-en-la-feria-emo-de-hannover\/\" \/>\n\t\t<meta property=\"og:image\" content=\"https:\/\/www.maquinariamarquez.com\/wp-content\/uploads\/2024\/05\/logo-maquinaria-marquez.png\" \/>\n\t\t<meta property=\"og:image:secure_url\" content=\"https:\/\/www.maquinariamarquez.com\/wp-content\/uploads\/2024\/05\/logo-maquinaria-marquez.png\" \/>\n\t\t<meta property=\"article:published_time\" content=\"2017-09-19T07:43:55+00:00\" \/>\n\t\t<meta property=\"article:modified_time\" content=\"2022-04-22T07:42:02+00:00\" \/>\n\t\t<meta name=\"twitter:card\" content=\"summary\" \/>\n\t\t<meta name=\"twitter:title\" content=\"Maquinaria M\u00e1rquez, presente en la feria EMO de Hannover\" \/>\n\t\t<meta name=\"twitter:description\" content=\"Esta semana se celebra la feria EMO de Hannover, exponente mundial de la m\u00e1xima tecnolog\u00eda del mecanizado y Maquinaria Marquez estar\u00e1 presente para mostrar las \u00faltimas novedades de sus representadas. Si desea concertar una cita, no dude en ponerse en contacto nosotros. Nos complacer\u00e1 recibirle en: TOS VARNSDORF A.S. Mandrinadoras Fresadoras alta precisi\u00f3n Hall 13,\" \/>\n\t\t<meta name=\"twitter:image\" content=\"https:\/\/www.maquinariamarquez.com\/wp-content\/uploads\/2024\/05\/logo-maquinaria-marquez.png\" \/>\n\t\t<script type=\"application\/ld+json\" class=\"aioseo-schema\">\n\t\t\t{\"@context\":\"https:\\\/\\\/schema.org\",\"@graph\":[{\"@type\":\"Article\",\"@id\":\"https:\\\/\\\/www.maquinariamarquez.com\\\/pt-pt\\\/maquinaria-marquez-presente-en-la-feria-emo-de-hannover\\\/#article\",\"name\":\"Maquinaria M\\u00e1rquez, presente en la feria EMO de Hannover\",\"headline\":\"Maquinaria M\\u00e1rquez, presente en la feria EMO de Hannover\",\"author\":{\"@id\":\"#author\"},\"publisher\":{\"@id\":\"https:\\\/\\\/www.maquinariamarquez.com\\\/pt-pt\\\/#organization\"},\"image\":{\"@type\":\"ImageObject\",\"url\":\"https:\\\/\\\/www.maquinariamarquez.com\\\/wp-content\\\/uploads\\\/2017\\\/09\\\/EMO-2017.jpg\",\"width\":700,\"height\":299},\"datePublished\":\"2017-09-19T09:43:55+02:00\",\"dateModified\":\"2022-04-22T09:42:02+02:00\",\"inLanguage\":\"pt-PT\",\"mainEntityOfPage\":{\"@id\":\"https:\\\/\\\/www.maquinariamarquez.com\\\/pt-pt\\\/maquinaria-marquez-presente-en-la-feria-emo-de-hannover\\\/#webpage\"},\"isPartOf\":{\"@id\":\"https:\\\/\\\/www.maquinariamarquez.com\\\/pt-pt\\\/maquinaria-marquez-presente-en-la-feria-emo-de-hannover\\\/#webpage\"},\"articleSection\":\"Ferias, Noticias del sector, Maquinaria M\\u00e1rquez, Opcional, Chile, Per\\u00fa, Portugal, Europa\"},{\"@type\":\"BreadcrumbList\",\"@id\":\"https:\\\/\\\/www.maquinariamarquez.com\\\/pt-pt\\\/maquinaria-marquez-presente-en-la-feria-emo-de-hannover\\\/#breadcrumblist\",\"itemListElement\":[{\"@type\":\"ListItem\",\"@id\":\"https:\\\/\\\/www.maquinariamarquez.com\\\/pt-pt\\\/#listItem\",\"position\":1,\"name\":\"Inicio\",\"item\":\"https:\\\/\\\/www.maquinariamarquez.com\\\/pt-pt\\\/\",\"nextItem\":{\"@type\":\"ListItem\",\"@id\":\"https:\\\/\\\/www.maquinariamarquez.com\\\/pt-pt\\\/categoria-noticias\\\/ferias\\\/#listItem\",\"name\":\"Ferias\"}},{\"@type\":\"ListItem\",\"@id\":\"https:\\\/\\\/www.maquinariamarquez.com\\\/pt-pt\\\/categoria-noticias\\\/ferias\\\/#listItem\",\"position\":2,\"name\":\"Ferias\",\"item\":\"https:\\\/\\\/www.maquinariamarquez.com\\\/pt-pt\\\/categoria-noticias\\\/ferias\\\/\",\"nextItem\":{\"@type\":\"ListItem\",\"@id\":\"https:\\\/\\\/www.maquinariamarquez.com\\\/pt-pt\\\/maquinaria-marquez-presente-en-la-feria-emo-de-hannover\\\/#listItem\",\"name\":\"Maquinaria M\\u00e1rquez, presente en la feria EMO de Hannover\"},\"previousItem\":{\"@type\":\"ListItem\",\"@id\":\"https:\\\/\\\/www.maquinariamarquez.com\\\/pt-pt\\\/#listItem\",\"name\":\"Inicio\"}},{\"@type\":\"ListItem\",\"@id\":\"https:\\\/\\\/www.maquinariamarquez.com\\\/pt-pt\\\/maquinaria-marquez-presente-en-la-feria-emo-de-hannover\\\/#listItem\",\"position\":3,\"name\":\"Maquinaria M\\u00e1rquez, presente en la feria EMO de Hannover\",\"previousItem\":{\"@type\":\"ListItem\",\"@id\":\"https:\\\/\\\/www.maquinariamarquez.com\\\/pt-pt\\\/categoria-noticias\\\/ferias\\\/#listItem\",\"name\":\"Ferias\"}}]},{\"@type\":\"Organization\",\"@id\":\"https:\\\/\\\/www.maquinariamarquez.com\\\/pt-pt\\\/#organization\",\"name\":\"Cristina Royo\",\"description\":\"Chato m\\u00f3vel Coluna, cruz chata, fresadoras, tornos verticais, tornos CNC. Completa gama de m\\u00e1quinas-ferramentas ao seu alcance.\",\"url\":\"https:\\\/\\\/www.maquinariamarquez.com\\\/pt-pt\\\/\",\"logo\":{\"@type\":\"ImageObject\",\"url\":\"https:\\\/\\\/www.maquinariamarquez.com\\\/wp-content\\\/uploads\\\/2021\\\/11\\\/LOGOTIPO-01.jpg\",\"@id\":\"https:\\\/\\\/www.maquinariamarquez.com\\\/pt-pt\\\/maquinaria-marquez-presente-en-la-feria-emo-de-hannover\\\/#organizationLogo\",\"width\":843,\"height\":596},\"image\":{\"@id\":\"https:\\\/\\\/www.maquinariamarquez.com\\\/pt-pt\\\/maquinaria-marquez-presente-en-la-feria-emo-de-hannover\\\/#organizationLogo\"}},{\"@type\":\"Person\",\"@id\":\"#author\",\"name\":\"chema\",\"image\":{\"@type\":\"ImageObject\",\"@id\":\"https:\\\/\\\/www.maquinariamarquez.com\\\/pt-pt\\\/maquinaria-marquez-presente-en-la-feria-emo-de-hannover\\\/#authorImage\",\"url\":\"https:\\\/\\\/secure.gravatar.com\\\/avatar\\\/e401e88a6fc2276c16d9a2d5c59d51c968b0e0e03f92fa89d61dbaaa1bec8dd7?s=96&d=mm&r=g\",\"width\":96,\"height\":96,\"caption\":\"chema\"}},{\"@type\":\"WebPage\",\"@id\":\"https:\\\/\\\/www.maquinariamarquez.com\\\/pt-pt\\\/maquinaria-marquez-presente-en-la-feria-emo-de-hannover\\\/#webpage\",\"url\":\"https:\\\/\\\/www.maquinariamarquez.com\\\/pt-pt\\\/maquinaria-marquez-presente-en-la-feria-emo-de-hannover\\\/\",\"name\":\"Maquinaria M\\u00e1rquez, presente en la feria EMO de Hannover\",\"description\":\"Esta semana se celebra la feria EMO de Hannover, exponente mundial de la m\\u00e1xima tecnolog\\u00eda del mecanizado y Maquinaria Marquez estar\\u00e1 presente para mostrar las \\u00faltimas novedades de sus representadas. Si desea concertar una cita, no dude en ponerse en contacto nosotros. Nos complacer\\u00e1 recibirle en: TOS VARNSDORF A.S. Mandrinadoras Fresadoras alta precisi\\u00f3n Hall 13,\",\"inLanguage\":\"pt-PT\",\"isPartOf\":{\"@id\":\"https:\\\/\\\/www.maquinariamarquez.com\\\/pt-pt\\\/#website\"},\"breadcrumb\":{\"@id\":\"https:\\\/\\\/www.maquinariamarquez.com\\\/pt-pt\\\/maquinaria-marquez-presente-en-la-feria-emo-de-hannover\\\/#breadcrumblist\"},\"image\":{\"@type\":\"ImageObject\",\"url\":\"https:\\\/\\\/www.maquinariamarquez.com\\\/wp-content\\\/uploads\\\/2017\\\/09\\\/EMO-2017.jpg\",\"@id\":\"https:\\\/\\\/www.maquinariamarquez.com\\\/pt-pt\\\/maquinaria-marquez-presente-en-la-feria-emo-de-hannover\\\/#mainImage\",\"width\":700,\"height\":299},\"primaryImageOfPage\":{\"@id\":\"https:\\\/\\\/www.maquinariamarquez.com\\\/pt-pt\\\/maquinaria-marquez-presente-en-la-feria-emo-de-hannover\\\/#mainImage\"},\"datePublished\":\"2017-09-19T09:43:55+02:00\",\"dateModified\":\"2022-04-22T09:42:02+02:00\"},{\"@type\":\"WebSite\",\"@id\":\"https:\\\/\\\/www.maquinariamarquez.com\\\/pt-pt\\\/#website\",\"url\":\"https:\\\/\\\/www.maquinariamarquez.com\\\/pt-pt\\\/\",\"name\":\"Maquinaria M\\u00e1rquez\",\"description\":\"Chato m\\u00f3vel Coluna, cruz chata, fresadoras, tornos verticais, tornos CNC. Completa gama de m\\u00e1quinas-ferramentas ao seu alcance.\",\"inLanguage\":\"pt-PT\",\"publisher\":{\"@id\":\"https:\\\/\\\/www.maquinariamarquez.com\\\/pt-pt\\\/#organization\"}}]}\n\t\t<\/script>\n\t\t<!-- All in One SEO -->\n\n","aioseo_head_json":{"title":"Maquinaria M\u00e1rquez, presente en la feria EMO de Hannover","description":"Esta semana se celebra la feria EMO de Hannover, exponente mundial de la m\u00e1xima tecnolog\u00eda del mecanizado y Maquinaria Marquez estar\u00e1 presente para mostrar las \u00faltimas novedades de sus representadas. Si desea concertar una cita, no dude en ponerse en contacto nosotros. Nos complacer\u00e1 recibirle en: TOS VARNSDORF A.S. Mandrinadoras Fresadoras alta precisi\u00f3n Hall 13,","canonical_url":"https:\/\/www.maquinariamarquez.com\/pt-pt\/maquinaria-marquez-presente-en-la-feria-emo-de-hannover\/","robots":"max-snippet:-1, max-image-preview:large, max-video-preview:-1","keywords":"","webmasterTools":{"miscellaneous":""},"schema":{"@context":"https:\/\/schema.org","@graph":[{"@type":"Article","@id":"https:\/\/www.maquinariamarquez.com\/pt-pt\/maquinaria-marquez-presente-en-la-feria-emo-de-hannover\/#article","name":"Maquinaria M\u00e1rquez, presente en la feria EMO de Hannover","headline":"Maquinaria M\u00e1rquez, presente en la feria EMO de Hannover","author":{"@id":"#author"},"publisher":{"@id":"https:\/\/www.maquinariamarquez.com\/pt-pt\/#organization"},"image":{"@type":"ImageObject","url":"https:\/\/www.maquinariamarquez.com\/wp-content\/uploads\/2017\/09\/EMO-2017.jpg","width":700,"height":299},"datePublished":"2017-09-19T09:43:55+02:00","dateModified":"2022-04-22T09:42:02+02:00","inLanguage":"pt-PT","mainEntityOfPage":{"@id":"https:\/\/www.maquinariamarquez.com\/pt-pt\/maquinaria-marquez-presente-en-la-feria-emo-de-hannover\/#webpage"},"isPartOf":{"@id":"https:\/\/www.maquinariamarquez.com\/pt-pt\/maquinaria-marquez-presente-en-la-feria-emo-de-hannover\/#webpage"},"articleSection":"Ferias, Noticias del sector, Maquinaria M\u00e1rquez, Opcional, Chile, Per\u00fa, Portugal, Europa"},{"@type":"BreadcrumbList","@id":"https:\/\/www.maquinariamarquez.com\/pt-pt\/maquinaria-marquez-presente-en-la-feria-emo-de-hannover\/#breadcrumblist","itemListElement":[{"@type":"ListItem","@id":"https:\/\/www.maquinariamarquez.com\/pt-pt\/#listItem","position":1,"name":"Inicio","item":"https:\/\/www.maquinariamarquez.com\/pt-pt\/","nextItem":{"@type":"ListItem","@id":"https:\/\/www.maquinariamarquez.com\/pt-pt\/categoria-noticias\/ferias\/#listItem","name":"Ferias"}},{"@type":"ListItem","@id":"https:\/\/www.maquinariamarquez.com\/pt-pt\/categoria-noticias\/ferias\/#listItem","position":2,"name":"Ferias","item":"https:\/\/www.maquinariamarquez.com\/pt-pt\/categoria-noticias\/ferias\/","nextItem":{"@type":"ListItem","@id":"https:\/\/www.maquinariamarquez.com\/pt-pt\/maquinaria-marquez-presente-en-la-feria-emo-de-hannover\/#listItem","name":"Maquinaria M\u00e1rquez, presente en la feria EMO de Hannover"},"previousItem":{"@type":"ListItem","@id":"https:\/\/www.maquinariamarquez.com\/pt-pt\/#listItem","name":"Inicio"}},{"@type":"ListItem","@id":"https:\/\/www.maquinariamarquez.com\/pt-pt\/maquinaria-marquez-presente-en-la-feria-emo-de-hannover\/#listItem","position":3,"name":"Maquinaria M\u00e1rquez, presente en la feria EMO de Hannover","previousItem":{"@type":"ListItem","@id":"https:\/\/www.maquinariamarquez.com\/pt-pt\/categoria-noticias\/ferias\/#listItem","name":"Ferias"}}]},{"@type":"Organization","@id":"https:\/\/www.maquinariamarquez.com\/pt-pt\/#organization","name":"Cristina Royo","description":"Chato m\u00f3vel Coluna, cruz chata, fresadoras, tornos verticais, tornos CNC. Completa gama de m\u00e1quinas-ferramentas ao seu alcance.","url":"https:\/\/www.maquinariamarquez.com\/pt-pt\/","logo":{"@type":"ImageObject","url":"https:\/\/www.maquinariamarquez.com\/wp-content\/uploads\/2021\/11\/LOGOTIPO-01.jpg","@id":"https:\/\/www.maquinariamarquez.com\/pt-pt\/maquinaria-marquez-presente-en-la-feria-emo-de-hannover\/#organizationLogo","width":843,"height":596},"image":{"@id":"https:\/\/www.maquinariamarquez.com\/pt-pt\/maquinaria-marquez-presente-en-la-feria-emo-de-hannover\/#organizationLogo"}},{"@type":"Person","@id":"#author","name":"chema","image":{"@type":"ImageObject","@id":"https:\/\/www.maquinariamarquez.com\/pt-pt\/maquinaria-marquez-presente-en-la-feria-emo-de-hannover\/#authorImage","url":"https:\/\/secure.gravatar.com\/avatar\/e401e88a6fc2276c16d9a2d5c59d51c968b0e0e03f92fa89d61dbaaa1bec8dd7?s=96&d=mm&r=g","width":96,"height":96,"caption":"chema"}},{"@type":"WebPage","@id":"https:\/\/www.maquinariamarquez.com\/pt-pt\/maquinaria-marquez-presente-en-la-feria-emo-de-hannover\/#webpage","url":"https:\/\/www.maquinariamarquez.com\/pt-pt\/maquinaria-marquez-presente-en-la-feria-emo-de-hannover\/","name":"Maquinaria M\u00e1rquez, presente en la feria EMO de Hannover","description":"Esta semana se celebra la feria EMO de Hannover, exponente mundial de la m\u00e1xima tecnolog\u00eda del mecanizado y Maquinaria Marquez estar\u00e1 presente para mostrar las \u00faltimas novedades de sus representadas. Si desea concertar una cita, no dude en ponerse en contacto nosotros. Nos complacer\u00e1 recibirle en: TOS VARNSDORF A.S. Mandrinadoras Fresadoras alta precisi\u00f3n Hall 13,","inLanguage":"pt-PT","isPartOf":{"@id":"https:\/\/www.maquinariamarquez.com\/pt-pt\/#website"},"breadcrumb":{"@id":"https:\/\/www.maquinariamarquez.com\/pt-pt\/maquinaria-marquez-presente-en-la-feria-emo-de-hannover\/#breadcrumblist"},"image":{"@type":"ImageObject","url":"https:\/\/www.maquinariamarquez.com\/wp-content\/uploads\/2017\/09\/EMO-2017.jpg","@id":"https:\/\/www.maquinariamarquez.com\/pt-pt\/maquinaria-marquez-presente-en-la-feria-emo-de-hannover\/#mainImage","width":700,"height":299},"primaryImageOfPage":{"@id":"https:\/\/www.maquinariamarquez.com\/pt-pt\/maquinaria-marquez-presente-en-la-feria-emo-de-hannover\/#mainImage"},"datePublished":"2017-09-19T09:43:55+02:00","dateModified":"2022-04-22T09:42:02+02:00"},{"@type":"WebSite","@id":"https:\/\/www.maquinariamarquez.com\/pt-pt\/#website","url":"https:\/\/www.maquinariamarquez.com\/pt-pt\/","name":"Maquinaria M\u00e1rquez","description":"Chato m\u00f3vel Coluna, cruz chata, fresadoras, tornos verticais, tornos CNC. Completa gama de m\u00e1quinas-ferramentas ao seu alcance.","inLanguage":"pt-PT","publisher":{"@id":"https:\/\/www.maquinariamarquez.com\/pt-pt\/#organization"}}]},"og:locale":"pt_PT","og:site_name":"Maquinaria M\u00e1rquez | Chato m\u00f3vel Coluna, cruz chata, fresadoras, tornos verticais, tornos CNC. Completa gama de m\u00e1quinas-ferramentas ao seu alcance.","og:type":"article","og:title":"Maquinaria M\u00e1rquez, presente en la feria EMO de Hannover","og:description":"Esta semana se celebra la feria EMO de Hannover, exponente mundial de la m\u00e1xima tecnolog\u00eda del mecanizado y Maquinaria Marquez estar\u00e1 presente para mostrar las \u00faltimas novedades de sus representadas. Si desea concertar una cita, no dude en ponerse en contacto nosotros. Nos complacer\u00e1 recibirle en: TOS VARNSDORF A.S. Mandrinadoras Fresadoras alta precisi\u00f3n Hall 13,","og:url":"https:\/\/www.maquinariamarquez.com\/pt-pt\/maquinaria-marquez-presente-en-la-feria-emo-de-hannover\/","og:image":"https:\/\/www.maquinariamarquez.com\/wp-content\/uploads\/2024\/05\/logo-maquinaria-marquez.png","og:image:secure_url":"https:\/\/www.maquinariamarquez.com\/wp-content\/uploads\/2024\/05\/logo-maquinaria-marquez.png","article:published_time":"2017-09-19T07:43:55+00:00","article:modified_time":"2022-04-22T07:42:02+00:00","twitter:card":"summary","twitter:title":"Maquinaria M\u00e1rquez, presente en la feria EMO de Hannover","twitter:description":"Esta semana se celebra la feria EMO de Hannover, exponente mundial de la m\u00e1xima tecnolog\u00eda del mecanizado y Maquinaria Marquez estar\u00e1 presente para mostrar las \u00faltimas novedades de sus representadas. Si desea concertar una cita, no dude en ponerse en contacto nosotros. Nos complacer\u00e1 recibirle en: TOS VARNSDORF A.S. Mandrinadoras Fresadoras alta precisi\u00f3n Hall 13,","twitter:image":"https:\/\/www.maquinariamarquez.com\/wp-content\/uploads\/2024\/05\/logo-maquinaria-marquez.png"},"aioseo_meta_data":{"post_id":"4304","title":null,"description":null,"keywords":null,"keyphrases":null,"primary_term":null,"canonical_url":null,"og_title":null,"og_description":null,"og_object_type":"default","og_image_type":"default","og_image_url":null,"og_image_width":null,"og_image_height":null,"og_image_custom_url":null,"og_image_custom_fields":null,"og_video":null,"og_custom_url":null,"og_article_section":null,"og_article_tags":null,"twitter_use_og":false,"twitter_card":"default","twitter_image_type":"default","twitter_image_url":null,"twitter_image_custom_url":null,"twitter_image_custom_fields":null,"twitter_title":null,"twitter_description":null,"schema":{"blockGraphs":[],"customGraphs":[],"default":{"data":{"Article":[],"Course":[],"Dataset":[],"FAQPage":[],"Movie":[],"Person":[],"Product":[],"ProductReview":[],"Car":[],"Recipe":[],"Service":[],"SoftwareApplication":[],"WebPage":[]},"graphName":"","isEnabled":true},"graphs":[]},"schema_type":null,"schema_type_options":null,"pillar_content":false,"robots_default":true,"robots_noindex":false,"robots_noarchive":false,"robots_nosnippet":false,"robots_nofollow":false,"robots_noimageindex":false,"robots_noodp":false,"robots_notranslate":false,"robots_max_snippet":null,"robots_max_videopreview":null,"robots_max_imagepreview":"large","priority":null,"frequency":null,"local_seo":null,"breadcrumb_settings":null,"limit_modified_date":false,"ai":null,"created":"2021-07-27 09:15:33","updated":"2025-06-06 08:47:04","focus_keyword":null,"additional_keywords":null,"truseo_locale":null,"seo_analyzer_scan_date":null},"aioseo_breadcrumb":"<div class=\"aioseo-breadcrumbs\"><span class=\"aioseo-breadcrumb\">\n\t\t\t<a href=\"https:\/\/www.maquinariamarquez.com\/pt-pt\/\" title=\"Inicio\">Inicio<\/a>\n\t\t<\/span><span class=\"aioseo-breadcrumb-separator\">&raquo;<\/span><span class=\"aioseo-breadcrumb\">\n\t\t\t<a href=\"https:\/\/www.maquinariamarquez.com\/pt-pt\/categoria-noticias\/ferias\/\" title=\"Ferias\">Ferias<\/a>\n\t\t<\/span><span class=\"aioseo-breadcrumb-separator\">&raquo;<\/span><span class=\"aioseo-breadcrumb\">\n\t\t\tMaquinaria M\u00e1rquez, presente en la feria EMO de Hannover\n\t\t<\/span><\/div>","aioseo_breadcrumb_json":[{"label":"Inicio","link":"https:\/\/www.maquinariamarquez.com\/pt-pt\/"},{"label":"Ferias","link":"https:\/\/www.maquinariamarquez.com\/pt-pt\/categoria-noticias\/ferias\/"},{"label":"Maquinaria M\u00e1rquez, presente en la feria EMO de Hannover","link":"https:\/\/www.maquinariamarquez.com\/pt-pt\/maquinaria-marquez-presente-en-la-feria-emo-de-hannover\/"}],"_links":{"self":[{"href":"https:\/\/www.maquinariamarquez.com\/pt-pt\/wp-json\/wp\/v2\/posts\/4304","targetHints":{"allow":["GET"]}}],"collection":[{"href":"https:\/\/www.maquinariamarquez.com\/pt-pt\/wp-json\/wp\/v2\/posts"}],"about":[{"href":"https:\/\/www.maquinariamarquez.com\/pt-pt\/wp-json\/wp\/v2\/types\/post"}],"author":[{"embeddable":true,"href":"https:\/\/www.maquinariamarquez.com\/pt-pt\/wp-json\/wp\/v2\/users\/4"}],"replies":[{"embeddable":true,"href":"https:\/\/www.maquinariamarquez.com\/pt-pt\/wp-json\/wp\/v2\/comments?post=4304"}],"version-history":[{"count":1,"href":"https:\/\/www.maquinariamarquez.com\/pt-pt\/wp-json\/wp\/v2\/posts\/4304\/revisions"}],"predecessor-version":[{"id":14734,"href":"https:\/\/www.maquinariamarquez.com\/pt-pt\/wp-json\/wp\/v2\/posts\/4304\/revisions\/14734"}],"wp:featuredmedia":[{"embeddable":true,"href":"https:\/\/www.maquinariamarquez.com\/pt-pt\/wp-json\/wp\/v2\/media\/4305"}],"wp:attachment":[{"href":"https:\/\/www.maquinariamarquez.com\/pt-pt\/wp-json\/wp\/v2\/media?parent=4304"}],"wp:term":[{"taxonomy":"category","embeddable":true,"href":"https:\/\/www.maquinariamarquez.com\/pt-pt\/wp-json\/wp\/v2\/categories?post=4304"},{"taxonomy":"post_tag","embeddable":true,"href":"https:\/\/www.maquinariamarquez.com\/pt-pt\/wp-json\/wp\/v2\/tags?post=4304"},{"taxonomy":"geolocalizacion","embeddable":true,"href":"https:\/\/www.maquinariamarquez.com\/pt-pt\/wp-json\/wp\/v2\/geolocalizacion?post=4304"}],"curies":[{"name":"wp","href":"https:\/\/api.w.org\/{rel}","templated":true}]}}